{"id":12059,"date":"2017-11-27T16:02:50","date_gmt":"2017-11-27T15:02:50","guid":{"rendered":"http:\/\/www.messinaoggi.it\/website\/?p=12059"},"modified":"2017-11-27T16:02:50","modified_gmt":"2017-11-27T15:02:50","slug":"assessori-regionali-territorio-messinese-va-rispettato-senza-delegittimarlo-con-casi-giudiziari","status":"publish","type":"post","link":"https:\/\/www.messinaoggi.it\/website\/2017\/11\/27\/assessori-regionali-territorio-messinese-va-rispettato-senza-delegittimarlo-con-casi-giudiziari\/","title":{"rendered":"Assessori regionali, \u201cTerritorio messinese va rispettato senza delegittimarlo con casi giudiziari\u201d"},"content":{"rendered":"<p style=\"text-align: justify\"><strong>Al neo Presidente della Regione Siciliana Musumeci \u201cpreoccupano i conti non gli assessori\u201d. Assolutamente condivisibile<\/strong>: abbiamo qualche preoccupazione anche sugli assessori. Diciamolo chiaramente: non vorremmo che le vicende giudiziarie che hanno sconvolto il clima post-elettorale nella nostra citt\u00e0 comportino un danno in termini di rappresentativit\u00e0 politica del territorio messinese. Questo non lo si pu\u00f2 permettere. <strong>A puntualizzarlo \u00e8 il documento di CapitaleMessina, firmato da Gianfranco Salmeri.<\/strong><div id=\"div-gpt-ad-Messinaoggi.it-DSK-300x250-corpoart\" style=\"text-align:center;margin:0 auto;\"><\/div><\/p>\n<p style=\"text-align: justify\">\u201cLa nostra preoccupazione \u00e8 che altri territori regionali sfruttino la situazione per delegittimare una intera citt\u00e0, per ottenere posizioni politiche di vantaggio &#8211; enuncia la nota -. Messina e provincia hanno dato un contributo determinante per la vittoria di Musumeci, non bisogna dimenticarlo e la citt\u00e0 non merita di essere penalizzata\u201d.<div id=\"videoincontent\" style=\"clear:both\";><\/div><\/p>\n<p style=\"text-align: justify\">\u00c8 assolutamente necessario che in Giunta regionale la citt\u00e0 metropolitana di Messina sia ben rappresentata, come \u00e8 rappresentata in Assemblea regionale dove sette deputati su 36, quasi un quinto quindi, della maggioranza di governo sono messinesi.<\/p>\n<p>Scelte che dovessero contraddire il diritto della nostra citt\u00e0 di avere il peso politico che le spetta, nel prossimo Governo regionale, non sarebbero n\u00e9 giustificate, n\u00e9 comprese dai cittadini.<br \/>\nNon \u00e8 per campanilismo, ma quando si prenderanno decisioni che direttamente od indirettamente ci riguardano, vorremmo che al tavolo ci fosse qualcuno che garantisca i nostri interessi e siamo sicuri che il Presidente Musumeci potr\u00e0 individuare pi\u00f9 di un messinese con un profilo politico o professionale tale da non sfigurare nella prossima Giunta regionale<br \/>\nCi auguriamo che altre voci dell\u2019opinione pubblica messinesi si aggiungano alla nostra, per evitare ulteriori mortificazioni del nostro territorio.<\/p>\n","protected":false},"excerpt":{"rendered":"<p>Al neo Presidente della Regione Siciliana Musumeci \u201cpreoccupano i conti non gli assessori\u201d. Assolutamente condivisibile: abbiamo qualche preoccupazione anche sugli assessori. Diciamolo chiaramente: non vorremmo che le vicende giudiziarie che hanno sconvolto il clima post-elettorale nella nostra citt\u00e0 comportino un danno in termini di rappresentativit\u00e0 politica del territorio messinese. Questo non lo si pu\u00f2 permettere. [&hellip;]<\/p>\n","protected":false},"author":7,"featured_media":12060,"comment_status":"closed","ping_status":"open","sticky":false,"template":"","format":"standard","meta":{"ub_ctt_via":"","_mi_skip_tracking":false},"categories":[4],"tags":[],"featured_image_src":"https:\/\/www.messinaoggi.it\/website\/wp-content\/uploads\/2017\/11\/palazzo-dei-normanni-sede-Ars-Palermo-messinaoggiMR.jpg","author_info":{"display_name":"Redazione1","author_link":"https:\/\/www.messinaoggi.it\/website\/author\/redazione1\/"},"digistream_id":0,"digistream":false,"_links":{"self":[{"href":"https:\/\/www.messinaoggi.it\/website\/wp-json\/wp\/v2\/posts\/12059"}],"collection":[{"href":"https:\/\/www.messinaoggi.it\/website\/wp-json\/wp\/v2\/posts"}],"about":[{"href":"https:\/\/www.messinaoggi.it\/website\/wp-json\/wp\/v2\/types\/post"}],"author":[{"embeddable":true,"href":"https:\/\/www.messinaoggi.it\/website\/wp-json\/wp\/v2\/users\/7"}],"replies":[{"embeddable":true,"href":"https:\/\/www.messinaoggi.it\/website\/wp-json\/wp\/v2\/comments?post=12059"}],"version-history":[{"count":0,"href":"https:\/\/www.messinaoggi.it\/website\/wp-json\/wp\/v2\/posts\/12059\/revisions"}],"wp:featuredmedia":[{"embeddable":true,"href":"https:\/\/www.messinaoggi.it\/website\/wp-json\/wp\/v2\/media\/12060"}],"wp:attachment":[{"href":"https:\/\/www.messinaoggi.it\/website\/wp-json\/wp\/v2\/media?parent=12059"}],"wp:term":[{"taxonomy":"category","embeddable":true,"href":"https:\/\/www.messinaoggi.it\/website\/wp-json\/wp\/v2\/categories?post=12059"},{"taxonomy":"post_tag","embeddable":true,"href":"https:\/\/www.messinaoggi.it\/website\/wp-json\/wp\/v2\/tags?post=12059"}],"curies":[{"name":"wp","href":"https:\/\/api.w.org\/{rel}","templated":true}]}}