{"id":120524,"date":"2022-09-06T16:02:59","date_gmt":"2022-09-06T14:02:59","guid":{"rendered":"https:\/\/www.messinaoggi.it\/website\/2022\/09\/06\/palermo-lagalla-al-lavoro-sulle-emergenze-si-al-termovalorizzatore\/"},"modified":"2022-09-06T16:02:59","modified_gmt":"2022-09-06T14:02:59","slug":"palermo-lagalla-al-lavoro-sulle-emergenze-si-al-termovalorizzatore","status":"publish","type":"post","link":"https:\/\/www.messinaoggi.it\/website\/2022\/09\/06\/palermo-lagalla-al-lavoro-sulle-emergenze-si-al-termovalorizzatore\/","title":{"rendered":"Palermo, Lagalla \u201cAl lavoro sulle emergenze, s\u00ec al termovalorizzatore\u201d"},"content":{"rendered":"<div>\n<p>PALERMO (ITALPRESS) \u2013  \u201cNei passaggi le eredit\u00e0 sono sempre presenti, fanno parte della normalit\u00e0. E\u2019 chiaro che i problemi per Palermo ci sono, hanno una datazione antica, per certi versi sono rimasti irrisolti e incompiuti nelle loro soluzioni. C\u2019\u00e8 la necessita di recuperare dinamicit\u00e0 e capacit\u00e0 di lavoro della macchina comunale, c\u2019\u00e8 da mettere in salvataggio il bilancio, dato fondamentale\u201d. Cos\u00ec il sindaco di Palermo, Roberto Lagalla, in un\u2019intervista all\u2019Italpress. \u201cIntanto abbiamo cominciato a lavorare alle prime emergenze, mentre ci apprestiamo a una pianificazione di lungo periodo che dovr\u00e0 riguardare gli interventi infrastrutturali pi\u00f9 corposi e qualificati, che dovr\u00e0 riguardare la manutenzione straordinaria delle strade e delle infrastrutture e \u2013 ha aggiunto \u2013 inevitabilmente dovr\u00e0 riguardare un ripensamento delle modalit\u00e0 di svolgimento dei servizi essenziali dei cittadini, quali rifiuti e illuminazione pubblica\u201d. <br \/>Il primo cittadino di Palermo ha sottolineato che l\u2019amministrazione non ha ancora raggiunto i primi 100 giorni, ma \u201calcuni risultati sono gi\u00e0 stati conseguiti. Il primo \u00e8 l\u2019attenzione dedicata al bilancio, il gruppo di lavoro interministeriale con il Mef e ministero dell\u2019Interno ha prodotto gi\u00e0 un primo risultato, ovvero vedere caducato il piano di riequilibrio proposto dalla precedente amministrazione e la possibilit\u00e0 di avvalersi di un nuovo piano di riequilibrio da predisporre entro il 28 febbraio 2023, questo credo sia un risultato importante per l\u2019amministrazione. Speriamo di portare il bilancio 2022-24 all\u2019approvazione dell\u2019aula tra fine settembre e prima della met\u00e0 di ottobre, in modo da riportare in comune in correntezza gestionale a partire da aprile 2023. A quel punto contiamo di poter approvare il bilancio preventivo 2023-25 entro il 30 aprile 2023\u201d. <br \/>Sulla questione fisco Lagalla ha spiegato che \u201cil miglioramento della riscossione \u00e8 uno dei temi fondamentali unito a quello della non maggiorazione delle tasse. L\u2019azione da mettere in campo che abbiamo gi\u00e0 avviato in una interlocuzione serrata con l\u2019Agenzia delle Entrate \u00e8 per un maggiore livello di assistenza e collaborazione sia nella fase di accertamento che nella fase di riscossione. Per evitare l\u2019appesantimento sempre sui soliti noti \u2013 ha ribadito \u2013 abbiamo ritenuto di fare ogni sforzo per limitare ogni possibile incremento delle tasse. Non possiamo chiedere incrementi di tassazione ai cittadini fino a quando non saremo in grado di dimostrare di essere capaci nel migliorare i servizi in questa citt\u00e0\u201d. <br \/>Sul tema rifiuti e termovalorizzatori il sindaco ha spiegato che il servizio di raccolta \u201cva meglio organizzato e finalizzato con pi\u00f9 puntualit\u00e0, va ripetuto in pi\u00f9 punti della citt\u00e0. Il modello organizzativo deve cambiare. Noi entro il 20 settembre presenteremo un piano da 60 milioni di euro per l\u2019acquisto di mezzi e per il potenziamento della raccolta differenziata. Credo che immaginare i due termovalorizzatori in luoghi della Sicilia distanti dai luoghi generatori della pi\u00f9 larga parte dei rifiuti possa essere un errore. Il candidato alla presidenza della Regione siciliana Schifani ha sollevato opportunamente il tema di una possibile azione di termovalorizzazione per il comprensorio della Sicilia occidentale a Palermo \u2013 ha spiegato -. Io credo che questo possa costituire un anello importante della catena, lo verificheremo nelle prossime settimane\u201d. <br \/>Quindi l\u2019annosa questione dei cimiteri e delle bare insepolte \u201c\u00e8 indirizzata verso un progetto e un programma che gi\u00e0 tocchiamo con mano e che gi\u00e0 \u00e8 sul tavolo. L\u2019emergenza sar\u00e0 finita quando avremo spostato tutte le salme e avremo un cuscinetto di sicurezza, ma su questo abbiamo gi\u00e0 le linee di intervento chiare in modo da garantire e superare una condizione vergognosa\u201d, ha avvertito. <br \/>Un bilancio finora positivo quello del sindaco di Palermo che conclude: \u201cNon ho percezione di un allentamento di attivit\u00e0 di impegno da parte degli assessori, tutti partecipano attivamente alle iniziative della giunta, tutti sono in campo per lavorare sui tantissimi problemi della citt\u00e0. E\u2019 chiaro che in questo corso di autunno definiremo gli obiettivi di tutti da qui al 31 dicembre 2023 e su quelli misureremo la capacit\u00e0 di dare risposte a una citt\u00e0 che le attende, ma \u2013 conclude Lagalla \u2013 non vedo problemi all\u2019interno della giunta o problemi in Consiglio comunale\u201d.<div id=\"div-gpt-ad-Messinaoggi.it-DSK-300x250-corpoart\" style=\"text-align:center;margin:0 auto;\"><\/div><\/p>\n<p>\u2013 foto Italpress \u2013<br \/>(ITALPRESS).<div id=\"videoincontent\" style=\"clear:both\";><\/div><\/p>\n<\/div>\n","protected":false},"excerpt":{"rendered":"<p>PALERMO (ITALPRESS) \u2013 \u201cNei passaggi le eredit\u00e0 sono sempre presenti, fanno parte della normalit\u00e0. E\u2019 chiaro che i problemi per Palermo ci sono, hanno una datazione antica, per certi versi sono rimasti irrisolti e incompiuti nelle loro soluzioni. C\u2019\u00e8 la necessita di recuperare dinamicit\u00e0 e capacit\u00e0 di lavoro della macchina comunale, c\u2019\u00e8 da mettere in [&hellip;]<\/p>\n","protected":false},"author":18,"featured_media":120525,"comment_status":"closed","ping_status":"closed","sticky":false,"template":"","format":"standard","meta":{"ub_ctt_via":"","_mi_skip_tracking":false},"categories":[2449],"tags":[783],"featured_image_src":"https:\/\/www.messinaoggi.it\/website\/wp-content\/uploads\/2022\/09\/20220906_1214.jpg","author_info":{"display_name":"Admin","author_link":"https:\/\/www.messinaoggi.it\/website\/author\/admin\/"},"digistream_id":0,"digistream":false,"_links":{"self":[{"href":"https:\/\/www.messinaoggi.it\/website\/wp-json\/wp\/v2\/posts\/120524"}],"collection":[{"href":"https:\/\/www.messinaoggi.it\/website\/wp-json\/wp\/v2\/posts"}],"about":[{"href":"https:\/\/www.messinaoggi.it\/website\/wp-json\/wp\/v2\/types\/post"}],"author":[{"embeddable":true,"href":"https:\/\/www.messinaoggi.it\/website\/wp-json\/wp\/v2\/users\/18"}],"replies":[{"embeddable":true,"href":"https:\/\/www.messinaoggi.it\/website\/wp-json\/wp\/v2\/comments?post=120524"}],"version-history":[{"count":0,"href":"https:\/\/www.messinaoggi.it\/website\/wp-json\/wp\/v2\/posts\/120524\/revisions"}],"wp:featuredmedia":[{"embeddable":true,"href":"https:\/\/www.messinaoggi.it\/website\/wp-json\/wp\/v2\/media\/120525"}],"wp:attachment":[{"href":"https:\/\/www.messinaoggi.it\/website\/wp-json\/wp\/v2\/media?parent=120524"}],"wp:term":[{"taxonomy":"category","embeddable":true,"href":"https:\/\/www.messinaoggi.it\/website\/wp-json\/wp\/v2\/categories?post=120524"},{"taxonomy":"post_tag","embeddable":true,"href":"https:\/\/www.messinaoggi.it\/website\/wp-json\/wp\/v2\/tags?post=120524"}],"curies":[{"name":"wp","href":"https:\/\/api.w.org\/{rel}","templated":true}]}}