{"id":120483,"date":"2022-09-06T12:02:56","date_gmt":"2022-09-06T10:02:56","guid":{"rendered":"https:\/\/www.messinaoggi.it\/website\/2022\/09\/06\/al-via-test-di-medicina-a-palermo-rettore-midiri-il-numero-chiuso-e-da-rivedere\/"},"modified":"2022-09-06T12:18:44","modified_gmt":"2022-09-06T10:18:44","slug":"al-via-test-di-medicina-a-palermo-rettore-midiri-il-numero-chiuso-e-da-rivedere","status":"publish","type":"post","link":"https:\/\/www.messinaoggi.it\/website\/2022\/09\/06\/al-via-test-di-medicina-a-palermo-rettore-midiri-il-numero-chiuso-e-da-rivedere\/","title":{"rendered":"Al via test di Medicina a Palermo, rettore Midiri \u201cIl numero chiuso \u00e8 da rivedere\u201d"},"content":{"rendered":"<div>\n<p>PALERMO (ITALPRESS) \u2013 Pronti gi\u00e0 alle 8 del mattino, piazzati davanti all\u2019ingresso dell\u2019edificio di riferimento. Qualcuno da solo, qualcun altro con amici, altri ancora con i genitori: tutti ad aspettare di poter entrare e, nello spazio di poche ore, misurarsi con il test per accedere alla facolt\u00e0 di Medicina. A Palermo i posti disponibili sono 480, mentre i candidati sono 2.843: un dato sostanzialmente in linea con lo scorso anno, quando a provare furono in 2.820. <br \/>La settimana precedente il test \u00e8 stata accesa dalla discussione sul mantenimento del numero chiuso a Medicina, con la proposta di abolizione lanciata in campagna elettorale dal leader della Lega Matteo Salvini e ripresa, pur con le dovute cautele, tanto dalle istituzioni quanto dalle associazioni universitarie.<br \/>Sono 37 le aule messe a disposizione dall\u2019Ateneo palermitano tra viale delle Scienze e via Parlavecchio (nei pressi del Policlinico) con la disposizione ministeriale, valida solo per Medicina, di suddividere i candidati in base non all\u2019ordine alfabetico ma alla data di nascita; obbligatorio inoltre l\u2019utilizzo della mascherina Ffp2 per accedere alle aule. L\u2019avvio del test \u00e8 previsto alle 13 e avr\u00e0 una durata complessiva di un\u2019ora e quaranta minuti.<br \/>\u201cIl mio messaggio ai ragazzi \u00e8 di affrontare il test con il massimo della serenit\u00e0 anche perch\u00e8, trattandosi di una prova altamente selettiva, so quanta preparazione ci sar\u00e0 stata dietro \u2013 ha sottolineato all\u2019Italpress il rettore dell\u2019Universit\u00e0 di Palermo, Massimo Midiri -. Le nostre aule sono tutte capienti e comode e i colleghi che hanno dato disponibilit\u00e0 per monitorare il buon andamento del test sono oltre 200\u201d. <br \/>Midiri ha poi espresso una riflessione sull\u2019eventuale abolizione del numero chiuso: \u201cLa pandemia ha messo in luce come l\u2019aumento del numero dei medici sia diventato un tema imprescindibile: certamente \u00e8 una questione che andr\u00e0 rivista, e che gi\u00e0 si sta rivedendo in Parlamento, perch\u00e8 abbiamo gi\u00e0 constatato come ci siano sanitari che mancano. Il problema \u00e8 in primo luogo strutturale: bisogna aumentare la capienza delle aule e investire maggiormente sul numero dei docenti\u201d.<br \/>Sul tema \u00e8 stato organizzato un presidio di protesta fuori dall\u2019edificio 19, con tre striscioni sulla scalinata esterna e firmati dal Collettivo universitario autonomo (Cua) e dall\u2019Unione degli universitari (Udu). \u201cRiteniamo che il sistema basato sul numero chiuso sia iniquo e che manchi la volont\u00e0 di investire nel campo della medicina e in generale nell\u2019istruzione universitaria \u2013 ha sottolineato Valerio Quagliano, coordinatore Udu -. Sull\u2019aumento del numero dei medici c\u2019\u00e8 stata un\u2019apertura, ma nulla di pi\u00f9. Serve una riforma strutturale del test di Medicina: l\u2019ultima messa in campo dal governo non \u00e8 adatta\u201d. <br \/>I prossimi mesi, con un nuovo esecutivo all\u2019opera, daranno un maggiore riscontro su come verr\u00e0 affrontata la questione.<br \/>foto xd8 Italpress <br \/>(ITALPRESS).<div id=\"div-gpt-ad-Messinaoggi.it-DSK-300x250-corpoart\" style=\"text-align:center;margin:0 auto;\"><\/div><\/p>\n<\/div>\n<div id=\"videoincontent\" style=\"clear:both\";><\/div>","protected":false},"excerpt":{"rendered":"<p>PALERMO (ITALPRESS) \u2013 Pronti gi\u00e0 alle 8 del mattino, piazzati davanti all\u2019ingresso dell\u2019edificio di riferimento. Qualcuno da solo, qualcun altro con amici, altri ancora con i genitori: tutti ad aspettare di poter entrare e, nello spazio di poche ore, misurarsi con il test per accedere alla facolt\u00e0 di Medicina. A Palermo i posti disponibili sono [&hellip;]<\/p>\n","protected":false},"author":18,"featured_media":120484,"comment_status":"closed","ping_status":"closed","sticky":false,"template":"","format":"standard","meta":{"ub_ctt_via":"","_mi_skip_tracking":false},"categories":[7,2449],"tags":[783],"featured_image_src":"https:\/\/www.messinaoggi.it\/website\/wp-content\/uploads\/2022\/09\/20220906_0339.jpg","author_info":{"display_name":"Admin","author_link":"https:\/\/www.messinaoggi.it\/website\/author\/admin\/"},"digistream_id":0,"digistream":false,"_links":{"self":[{"href":"https:\/\/www.messinaoggi.it\/website\/wp-json\/wp\/v2\/posts\/120483"}],"collection":[{"href":"https:\/\/www.messinaoggi.it\/website\/wp-json\/wp\/v2\/posts"}],"about":[{"href":"https:\/\/www.messinaoggi.it\/website\/wp-json\/wp\/v2\/types\/post"}],"author":[{"embeddable":true,"href":"https:\/\/www.messinaoggi.it\/website\/wp-json\/wp\/v2\/users\/18"}],"replies":[{"embeddable":true,"href":"https:\/\/www.messinaoggi.it\/website\/wp-json\/wp\/v2\/comments?post=120483"}],"version-history":[{"count":1,"href":"https:\/\/www.messinaoggi.it\/website\/wp-json\/wp\/v2\/posts\/120483\/revisions"}],"predecessor-version":[{"id":120498,"href":"https:\/\/www.messinaoggi.it\/website\/wp-json\/wp\/v2\/posts\/120483\/revisions\/120498"}],"wp:featuredmedia":[{"embeddable":true,"href":"https:\/\/www.messinaoggi.it\/website\/wp-json\/wp\/v2\/media\/120484"}],"wp:attachment":[{"href":"https:\/\/www.messinaoggi.it\/website\/wp-json\/wp\/v2\/media?parent=120483"}],"wp:term":[{"taxonomy":"category","embeddable":true,"href":"https:\/\/www.messinaoggi.it\/website\/wp-json\/wp\/v2\/categories?post=120483"},{"taxonomy":"post_tag","embeddable":true,"href":"https:\/\/www.messinaoggi.it\/website\/wp-json\/wp\/v2\/tags?post=120483"}],"curies":[{"name":"wp","href":"https:\/\/api.w.org\/{rel}","templated":true}]}}