{"id":120460,"date":"2022-09-06T10:07:53","date_gmt":"2022-09-06T08:07:53","guid":{"rendered":"https:\/\/www.messinaoggi.it\/website\/2022\/09\/06\/elezioni-renzi-il-pd-ha-perso-la-sua-storia\/"},"modified":"2022-09-06T12:00:19","modified_gmt":"2022-09-06T10:00:19","slug":"elezioni-renzi-il-pd-ha-perso-la-sua-storia","status":"publish","type":"post","link":"https:\/\/www.messinaoggi.it\/website\/2022\/09\/06\/elezioni-renzi-il-pd-ha-perso-la-sua-storia\/","title":{"rendered":"Elezioni, Renzi \u201cIl Pd ha perso la sua storia\u201d"},"content":{"rendered":"<div>ROMA (ITALPRESS) &#8211; &#8220;Il Jobs Act \u00e8 quell&#8217;insieme di riforme del mercato del lavoro che ha creato oltre un milione di posti di lavoro in pi\u00f9 di cui la met\u00e0 a tempo indeterminato. Orlando e il Pd non ce l&#8217;hanno con il Jobs Act che hanno votato e non capito, ma sono dominati dai rancori personali per quella stagione in cui il Pd vinceva&#8221;. Cos\u00ec Matteo Renzi intervenendo a Radio Leopolda.<br \/>&#8220;Quando il Pd dice vogliamo il reddito di cittadinanza e non il jobs act non sta cambiando idea ma sta cambiando volto &#8211; spiega il leader di Italia Viva -. Potrebbe cambiare nome e chiamarsi M5S a questo punto. Trovo imbarazzante la permanenza dei riformisti in questo Pd. Tommaso Nannicini ha scritto il Jobs Act: come fa a fare campagna elettorale quando io suo capo dice no al Jobs Act e s\u00ec al reddito? Spieghiamo ad Orlando che Martina ha fatto ostruzionismo per non avere il reddito &#8211; aggiunge -. Tempo 20 giorni e il Pd inizier\u00e0 l&#8217;ennesima analisi della sconfitta. Potevano perdere le elezioni e stanno perdendo la loro storia&#8221;.<div id=\"div-gpt-ad-Messinaoggi.it-DSK-300x250-corpoart\" style=\"text-align:center;margin:0 auto;\"><\/div><\/p>\n<p>&#8211; foto Agenziafotogramma.it &#8211;<div id=\"videoincontent\" style=\"clear:both\";><\/div><\/p>\n<p>(ITALPRESS).<\/p><\/div>\n","protected":false},"excerpt":{"rendered":"<p>ROMA (ITALPRESS) &#8211; &#8220;Il Jobs Act \u00e8 quell&#8217;insieme di riforme del mercato del lavoro che ha creato oltre un milione di posti di lavoro in pi\u00f9 di cui la met\u00e0 a tempo indeterminato. Orlando e il Pd non ce l&#8217;hanno con il Jobs Act che hanno votato e non capito, ma sono dominati dai rancori [&hellip;]<\/p>\n","protected":false},"author":18,"featured_media":120461,"comment_status":"closed","ping_status":"closed","sticky":false,"template":"","format":"standard","meta":{"ub_ctt_via":"","_mi_skip_tracking":false},"categories":[446,4],"tags":[783],"featured_image_src":"https:\/\/www.messinaoggi.it\/website\/wp-content\/uploads\/2022\/09\/20220906_0155.jpg","author_info":{"display_name":"Admin","author_link":"https:\/\/www.messinaoggi.it\/website\/author\/admin\/"},"digistream_id":0,"digistream":false,"_links":{"self":[{"href":"https:\/\/www.messinaoggi.it\/website\/wp-json\/wp\/v2\/posts\/120460"}],"collection":[{"href":"https:\/\/www.messinaoggi.it\/website\/wp-json\/wp\/v2\/posts"}],"about":[{"href":"https:\/\/www.messinaoggi.it\/website\/wp-json\/wp\/v2\/types\/post"}],"author":[{"embeddable":true,"href":"https:\/\/www.messinaoggi.it\/website\/wp-json\/wp\/v2\/users\/18"}],"replies":[{"embeddable":true,"href":"https:\/\/www.messinaoggi.it\/website\/wp-json\/wp\/v2\/comments?post=120460"}],"version-history":[{"count":1,"href":"https:\/\/www.messinaoggi.it\/website\/wp-json\/wp\/v2\/posts\/120460\/revisions"}],"predecessor-version":[{"id":120478,"href":"https:\/\/www.messinaoggi.it\/website\/wp-json\/wp\/v2\/posts\/120460\/revisions\/120478"}],"wp:featuredmedia":[{"embeddable":true,"href":"https:\/\/www.messinaoggi.it\/website\/wp-json\/wp\/v2\/media\/120461"}],"wp:attachment":[{"href":"https:\/\/www.messinaoggi.it\/website\/wp-json\/wp\/v2\/media?parent=120460"}],"wp:term":[{"taxonomy":"category","embeddable":true,"href":"https:\/\/www.messinaoggi.it\/website\/wp-json\/wp\/v2\/categories?post=120460"},{"taxonomy":"post_tag","embeddable":true,"href":"https:\/\/www.messinaoggi.it\/website\/wp-json\/wp\/v2\/tags?post=120460"}],"curies":[{"name":"wp","href":"https:\/\/api.w.org\/{rel}","templated":true}]}}