{"id":120374,"date":"2022-09-05T16:47:54","date_gmt":"2022-09-05T14:47:54","guid":{"rendered":"https:\/\/www.messinaoggi.it\/website\/2022\/09\/05\/letta-i-ministri-leghisti-bloccano-i-fondi-per-il-sud-e-uno-scandalo\/"},"modified":"2022-09-05T16:47:54","modified_gmt":"2022-09-05T14:47:54","slug":"letta-i-ministri-leghisti-bloccano-i-fondi-per-il-sud-e-uno-scandalo","status":"publish","type":"post","link":"https:\/\/www.messinaoggi.it\/website\/2022\/09\/05\/letta-i-ministri-leghisti-bloccano-i-fondi-per-il-sud-e-uno-scandalo\/","title":{"rendered":"Letta \u201cI ministri leghisti bloccano i Fondi per il Sud, \u00e8 uno scandalo\u201d"},"content":{"rendered":"<div>\n<p>CATANIA (ITALPRESS) \u2013 \u201cProprio oggi \u00e8 una giornata importante perch\u00e8 noi chiediamo al governo, ai ministri leghisti del governo in particolare, di non bloccare l\u2019assegnazione del fondo \u2018Coesione e svilupp\u00f2, cio\u00e8 i fondi strutturali per i prossimi sei anni, che gi\u00e0 avrebbero dovuto essere ripartiti nelle settimane scorse\u201d. Cos\u00ec il segretario del Pd, Enrico Letta, a Catania per sostenere la candidatura di Caterina Chinnici a governatore della Regione Sicilia. <br \/>\u201cLa caduta del governo \u2013 aggiunge \u2013 ha bloccato questo riparto. Chiediamo all\u2019esecutivo di fare questa ripartizione. Per la Sicilia questi fondi europei valgono 6 miliardi di euro per i prossimi sei anni. Il fatto che i ministri leghisti stiano bloccando l\u2019assegnazione di questi fondi non solo per la Sicilia, anche per altre regioni del Mezzogiorno, \u00e8 uno scandalo\u201d.<br \/>\u201cSono particolarmente felice di essere qui in Sicilia accanto a Caterina Chinnici, che \u00e8 di gran lunga la migliore candidata per il futuro dell\u2019isola. E\u2019 la candidata che con pi\u00f9 dignit\u00e0 e forza rappresenta il meglio del futuro della Sicilia. Sono convinto che le prossime tre settimane di campagna elettorale saranno in crescita, e che ci consentiranno di arrivare ad una vittoria che sarebbe la migliore notizia per la gente di questa terra\u201d, sottolinea, il segretario del Pd, Enrico Letta.<br \/>(ITALPRESS).<div id=\"div-gpt-ad-Messinaoggi.it-DSK-300x250-corpoart\" style=\"text-align:center;margin:0 auto;\"><\/div><\/p>\n<\/div>\n<div id=\"videoincontent\" style=\"clear:both\";><\/div>","protected":false},"excerpt":{"rendered":"<p>CATANIA (ITALPRESS) \u2013 \u201cProprio oggi \u00e8 una giornata importante perch\u00e8 noi chiediamo al governo, ai ministri leghisti del governo in particolare, di non bloccare l\u2019assegnazione del fondo \u2018Coesione e svilupp\u00f2, cio\u00e8 i fondi strutturali per i prossimi sei anni, che gi\u00e0 avrebbero dovuto essere ripartiti nelle settimane scorse\u201d. Cos\u00ec il segretario del Pd, Enrico Letta, [&hellip;]<\/p>\n","protected":false},"author":18,"featured_media":120375,"comment_status":"closed","ping_status":"closed","sticky":false,"template":"","format":"standard","meta":{"ub_ctt_via":"","_mi_skip_tracking":false},"categories":[2449],"tags":[783],"featured_image_src":"https:\/\/www.messinaoggi.it\/website\/wp-content\/uploads\/2022\/09\/20220905_1454.jpg","author_info":{"display_name":"Admin","author_link":"https:\/\/www.messinaoggi.it\/website\/author\/admin\/"},"digistream_id":0,"digistream":false,"_links":{"self":[{"href":"https:\/\/www.messinaoggi.it\/website\/wp-json\/wp\/v2\/posts\/120374"}],"collection":[{"href":"https:\/\/www.messinaoggi.it\/website\/wp-json\/wp\/v2\/posts"}],"about":[{"href":"https:\/\/www.messinaoggi.it\/website\/wp-json\/wp\/v2\/types\/post"}],"author":[{"embeddable":true,"href":"https:\/\/www.messinaoggi.it\/website\/wp-json\/wp\/v2\/users\/18"}],"replies":[{"embeddable":true,"href":"https:\/\/www.messinaoggi.it\/website\/wp-json\/wp\/v2\/comments?post=120374"}],"version-history":[{"count":0,"href":"https:\/\/www.messinaoggi.it\/website\/wp-json\/wp\/v2\/posts\/120374\/revisions"}],"wp:featuredmedia":[{"embeddable":true,"href":"https:\/\/www.messinaoggi.it\/website\/wp-json\/wp\/v2\/media\/120375"}],"wp:attachment":[{"href":"https:\/\/www.messinaoggi.it\/website\/wp-json\/wp\/v2\/media?parent=120374"}],"wp:term":[{"taxonomy":"category","embeddable":true,"href":"https:\/\/www.messinaoggi.it\/website\/wp-json\/wp\/v2\/categories?post=120374"},{"taxonomy":"post_tag","embeddable":true,"href":"https:\/\/www.messinaoggi.it\/website\/wp-json\/wp\/v2\/tags?post=120374"}],"curies":[{"name":"wp","href":"https:\/\/api.w.org\/{rel}","templated":true}]}}