{"id":120330,"date":"2022-09-05T12:11:23","date_gmt":"2022-09-05T10:11:23","guid":{"rendered":"http:\/\/www.messinaoggi.it\/website\/?p=120330"},"modified":"2022-09-05T12:14:19","modified_gmt":"2022-09-05T10:14:19","slug":"meteo-di-sicilia-e-messina-6-11-settembre","status":"publish","type":"post","link":"https:\/\/www.messinaoggi.it\/website\/2022\/09\/05\/meteo-di-sicilia-e-messina-6-11-settembre\/","title":{"rendered":"Meteo di Sicilia e Messina, 6-11 Settembre"},"content":{"rendered":"\n<p id=\"block-c44d437b-8734-45c4-b473-9a44e867c7e8\">Avvio della nuova settimana all&#8217;insegna della stabilit\u00e0 atmosferica sulle regioni meridionali del nostro Paese, dopo la domenica che ha visto il passaggio di piogge e temporali. Da segnalare soltanto un po&#8217; di nubi mattutine sui versanti ionici di Calabria e Sicilia, nonch\u00e9 tra lametino e reggino tirrenico.<div id=\"div-gpt-ad-Messinaoggi.it-DSK-300x250-corpoart\" style=\"text-align:center;margin:0 auto;\"><\/div><\/p>\n\n\n\n<p id=\"block-e4f90802-d863-44b7-8709-02bb49ccb789\">Le temperature sono attese in aumento per via dell&#8217;afflusso di aria calda dal Nord Africa. In settimana invece un calo della pressione porter\u00e0 una maggiore variabilit\u00e0 sull&#8217;area tirrenica della Campania e sull&#8217;Appennino con qualche rovescio.\u00a0Insomma ci aspettiamo bel tempo con caldo in sensibile aumento al Sud e in Sicilia.<div id=\"videoincontent\" style=\"clear:both\";><\/div><\/p>\n\n\n\n<p id=\"block-fe3c8970-68a2-4f80-9ace-2c3b733d8a72\">Nel dettaglio: marted\u00ec 6 sole e caldo estivo, mercoled\u00ec bel tempo prevalente, soleggiato e molto caldo di giorno, e ancora anticiclone africano gioved\u00ec, nonostante il maltempo in arrivo nel resto del Paese.<\/p>\n\n\n\n<p id=\"block-dc8c9c1d-bd2c-4432-97a8-5e9676f0fce1\">In Sicilia, in generale, soltanto qualche nuvola ininfluente fino al Venerd\u00ec, e ancora Domenica.<\/p>\n\n\n\n<p id=\"block-d2991456-3636-4dcc-a5f5-1bb9892c20a1\">Sereno con qualche nuvola sparsa a Messina nei prossimi giorni, con completo rasserenamento Venerd\u00ec e Sabato. Attenzione al forte caldo, soprattutto nelle ore pomeridiane in tutto il messinese.<\/p>\n\n\n\n<p id=\"block-a182c267-1b76-408c-8f02-a92be4107d9d\">Simili indicazioni per le Isole Eolie, ma potrebbe piovere domenica pomeriggio. In generale nel litorale tirrenico del messinese potrebbe piovere tra pomeriggio e sera della domenica.<\/p>\n\n\n\n<p id=\"block-a857ed09-a98d-4ba3-a8f0-3c0b2e326f56\">Una pi\u00f9 accentuata tendenza a rasserenamento nella parte ionica, senza precipitazioni. Sereno o poco nuvoloso anche sui Nebrodi, senza precipitazioni previste.<\/p>\n\n\n\n<p><strong>di Michele Bruno. <\/strong><\/p>\n","protected":false},"excerpt":{"rendered":"<p>Avvio della nuova settimana all&#8217;insegna della stabilit\u00e0 atmosferica sulle regioni meridionali del nostro Paese, dopo la domenica che ha visto il passaggio di piogge e temporali. Da segnalare soltanto un po&#8217; di nubi mattutine sui versanti ionici di Calabria e Sicilia, nonch\u00e9 tra lametino e reggino tirrenico. Le temperature sono attese in aumento per via [&hellip;]<\/p>\n","protected":false},"author":123457,"featured_media":6416,"comment_status":"open","ping_status":"open","sticky":false,"template":"","format":"standard","meta":{"ub_ctt_via":"","_mi_skip_tracking":false},"categories":[5],"tags":[],"featured_image_src":"https:\/\/www.messinaoggi.it\/website\/wp-content\/uploads\/2017\/08\/meteo-2.jpg","author_info":{"display_name":"Michele Bruno","author_link":"https:\/\/www.messinaoggi.it\/website\/author\/michele-bruno\/"},"digistream_id":0,"digistream":false,"_links":{"self":[{"href":"https:\/\/www.messinaoggi.it\/website\/wp-json\/wp\/v2\/posts\/120330"}],"collection":[{"href":"https:\/\/www.messinaoggi.it\/website\/wp-json\/wp\/v2\/posts"}],"about":[{"href":"https:\/\/www.messinaoggi.it\/website\/wp-json\/wp\/v2\/types\/post"}],"author":[{"embeddable":true,"href":"https:\/\/www.messinaoggi.it\/website\/wp-json\/wp\/v2\/users\/123457"}],"replies":[{"embeddable":true,"href":"https:\/\/www.messinaoggi.it\/website\/wp-json\/wp\/v2\/comments?post=120330"}],"version-history":[{"count":2,"href":"https:\/\/www.messinaoggi.it\/website\/wp-json\/wp\/v2\/posts\/120330\/revisions"}],"predecessor-version":[{"id":120332,"href":"https:\/\/www.messinaoggi.it\/website\/wp-json\/wp\/v2\/posts\/120330\/revisions\/120332"}],"wp:featuredmedia":[{"embeddable":true,"href":"https:\/\/www.messinaoggi.it\/website\/wp-json\/wp\/v2\/media\/6416"}],"wp:attachment":[{"href":"https:\/\/www.messinaoggi.it\/website\/wp-json\/wp\/v2\/media?parent=120330"}],"wp:term":[{"taxonomy":"category","embeddable":true,"href":"https:\/\/www.messinaoggi.it\/website\/wp-json\/wp\/v2\/categories?post=120330"},{"taxonomy":"post_tag","embeddable":true,"href":"https:\/\/www.messinaoggi.it\/website\/wp-json\/wp\/v2\/tags?post=120330"}],"curies":[{"name":"wp","href":"https:\/\/api.w.org\/{rel}","templated":true}]}}