{"id":12029,"date":"2017-11-27T13:54:46","date_gmt":"2017-11-27T12:54:46","guid":{"rendered":"http:\/\/www.messinaoggi.it\/website\/?p=12029"},"modified":"2017-11-27T13:54:46","modified_gmt":"2017-11-27T12:54:46","slug":"anm-gravi-gli-attacchi-di-de-luca-ai-magistrati","status":"publish","type":"post","link":"https:\/\/www.messinaoggi.it\/website\/2017\/11\/27\/anm-gravi-gli-attacchi-di-de-luca-ai-magistrati\/","title":{"rendered":"Anm: \u201cGravi gli attacchi di De Luca ai magistrati\u201d"},"content":{"rendered":"<p>L&#8217;Associazione Nazionale Magistrati stigmatizza &#8220;con forza e fermo disappunto i gravi attacchi e le incresciose strumentalizzazioni, posti in essere da tempo e senza soluzione di continuit\u00e0, dal neoeletto rappresentante delle istituzioni siciliane, Cateno De Luca, ai danni della funzione giudiziaria e, indiscriminatamente, ai danni dei magistrati messinesi titolari o assegnatari dei procedimenti che lo riguardano&#8221;.<br \/>\nE in una nota esprime &#8220;solidariet\u00e0 e vicinanza alla magistratura messinese, vittima di queste aggressioni, la quale continuer\u00e0 ad esercitare le proprie funzioni in silenzio, soggetta solo alla legge, libera, con rigore e serenit\u00e0&#8221;.<div id=\"div-gpt-ad-Messinaoggi.it-DSK-300x250-corpoart\" style=\"text-align:center;margin:0 auto;\"><\/div><\/p>\n<div id=\"videoincontent\" style=\"clear:both\";><\/div>","protected":false},"excerpt":{"rendered":"<p>L&#8217;Associazione Nazionale Magistrati stigmatizza &#8220;con forza e fermo disappunto i gravi attacchi e le incresciose strumentalizzazioni, posti in essere da tempo e senza soluzione di continuit\u00e0, dal neoeletto rappresentante delle istituzioni siciliane, Cateno De Luca, ai danni della funzione giudiziaria e, indiscriminatamente, ai danni dei magistrati messinesi titolari o assegnatari dei procedimenti che lo riguardano&#8221;. [&hellip;]<\/p>\n","protected":false},"author":2,"featured_media":11679,"comment_status":"closed","ping_status":"open","sticky":false,"template":"","format":"standard","meta":{"ub_ctt_via":"","_mi_skip_tracking":false},"categories":[6],"tags":[],"featured_image_src":"https:\/\/www.messinaoggi.it\/website\/wp-content\/uploads\/2017\/11\/23755559_2077012012526778_1794584763695266792_n.jpg","author_info":{"display_name":"Redazione","author_link":"https:\/\/www.messinaoggi.it\/website\/author\/redazione\/"},"digistream_id":0,"digistream":false,"_links":{"self":[{"href":"https:\/\/www.messinaoggi.it\/website\/wp-json\/wp\/v2\/posts\/12029"}],"collection":[{"href":"https:\/\/www.messinaoggi.it\/website\/wp-json\/wp\/v2\/posts"}],"about":[{"href":"https:\/\/www.messinaoggi.it\/website\/wp-json\/wp\/v2\/types\/post"}],"author":[{"embeddable":true,"href":"https:\/\/www.messinaoggi.it\/website\/wp-json\/wp\/v2\/users\/2"}],"replies":[{"embeddable":true,"href":"https:\/\/www.messinaoggi.it\/website\/wp-json\/wp\/v2\/comments?post=12029"}],"version-history":[{"count":0,"href":"https:\/\/www.messinaoggi.it\/website\/wp-json\/wp\/v2\/posts\/12029\/revisions"}],"wp:featuredmedia":[{"embeddable":true,"href":"https:\/\/www.messinaoggi.it\/website\/wp-json\/wp\/v2\/media\/11679"}],"wp:attachment":[{"href":"https:\/\/www.messinaoggi.it\/website\/wp-json\/wp\/v2\/media?parent=12029"}],"wp:term":[{"taxonomy":"category","embeddable":true,"href":"https:\/\/www.messinaoggi.it\/website\/wp-json\/wp\/v2\/categories?post=12029"},{"taxonomy":"post_tag","embeddable":true,"href":"https:\/\/www.messinaoggi.it\/website\/wp-json\/wp\/v2\/tags?post=12029"}],"curies":[{"name":"wp","href":"https:\/\/api.w.org\/{rel}","templated":true}]}}