{"id":120286,"date":"2022-09-04T17:07:57","date_gmt":"2022-09-04T15:07:57","guid":{"rendered":"https:\/\/www.messinaoggi.it\/website\/2022\/09\/04\/elezioni-meloni-nel-centrodestra-visione-comune\/"},"modified":"2022-09-04T17:07:57","modified_gmt":"2022-09-04T15:07:57","slug":"elezioni-meloni-nel-centrodestra-visione-comune","status":"publish","type":"post","link":"https:\/\/www.messinaoggi.it\/website\/2022\/09\/04\/elezioni-meloni-nel-centrodestra-visione-comune\/","title":{"rendered":"Elezioni, Meloni \u201cNel Centrodestra visione comune\u201d"},"content":{"rendered":"<div>CERNOBBIO (COMO) (ITALPRESS) &#8211; &#8220;Il Centrodestra \u00e8 unito, la visione \u00e8 comune, abbiamo un programma&#8221;. Cos\u00ec Giorgia Meloni, leader di Fratelli d&#8217;Italia nel suo intervento al Forum Ambrosetti a Cernobbio.  &#8220;Il Pnrr &#8211; ha aggiunto &#8211; pu\u00f2 essere perfezionato, dirlo non \u00e8 eresia&#8230;&#8221;. <br \/>(ITALPRESS).<div id=\"div-gpt-ad-Messinaoggi.it-DSK-300x250-corpoart\" style=\"text-align:center;margin:0 auto;\"><\/div><\/p>\n<p>\t&#8211; credit photo agenziafotogramma.it &#8211;<div id=\"videoincontent\" style=\"clear:both\";><\/div><\/p><\/div>\n","protected":false},"excerpt":{"rendered":"<p>CERNOBBIO (COMO) (ITALPRESS) &#8211; &#8220;Il Centrodestra \u00e8 unito, la visione \u00e8 comune, abbiamo un programma&#8221;. Cos\u00ec Giorgia Meloni, leader di Fratelli d&#8217;Italia nel suo intervento al Forum Ambrosetti a Cernobbio. &#8220;Il Pnrr &#8211; ha aggiunto &#8211; pu\u00f2 essere perfezionato, dirlo non \u00e8 eresia&#8230;&#8221;. (ITALPRESS). &#8211; credit photo agenziafotogramma.it &#8211;<\/p>\n","protected":false},"author":18,"featured_media":120287,"comment_status":"closed","ping_status":"closed","sticky":false,"template":"","format":"standard","meta":{"ub_ctt_via":"","_mi_skip_tracking":false},"categories":[446],"tags":[783],"featured_image_src":"https:\/\/www.messinaoggi.it\/website\/wp-content\/uploads\/2022\/09\/20220904_1009.jpg","author_info":{"display_name":"Admin","author_link":"https:\/\/www.messinaoggi.it\/website\/author\/admin\/"},"digistream_id":0,"digistream":false,"_links":{"self":[{"href":"https:\/\/www.messinaoggi.it\/website\/wp-json\/wp\/v2\/posts\/120286"}],"collection":[{"href":"https:\/\/www.messinaoggi.it\/website\/wp-json\/wp\/v2\/posts"}],"about":[{"href":"https:\/\/www.messinaoggi.it\/website\/wp-json\/wp\/v2\/types\/post"}],"author":[{"embeddable":true,"href":"https:\/\/www.messinaoggi.it\/website\/wp-json\/wp\/v2\/users\/18"}],"replies":[{"embeddable":true,"href":"https:\/\/www.messinaoggi.it\/website\/wp-json\/wp\/v2\/comments?post=120286"}],"version-history":[{"count":0,"href":"https:\/\/www.messinaoggi.it\/website\/wp-json\/wp\/v2\/posts\/120286\/revisions"}],"wp:featuredmedia":[{"embeddable":true,"href":"https:\/\/www.messinaoggi.it\/website\/wp-json\/wp\/v2\/media\/120287"}],"wp:attachment":[{"href":"https:\/\/www.messinaoggi.it\/website\/wp-json\/wp\/v2\/media?parent=120286"}],"wp:term":[{"taxonomy":"category","embeddable":true,"href":"https:\/\/www.messinaoggi.it\/website\/wp-json\/wp\/v2\/categories?post=120286"},{"taxonomy":"post_tag","embeddable":true,"href":"https:\/\/www.messinaoggi.it\/website\/wp-json\/wp\/v2\/tags?post=120286"}],"curies":[{"name":"wp","href":"https:\/\/api.w.org\/{rel}","templated":true}]}}