{"id":12021,"date":"2017-11-27T11:17:02","date_gmt":"2017-11-27T10:17:02","guid":{"rendered":"http:\/\/www.messinaoggi.it\/website\/?p=12021"},"modified":"2017-11-27T11:17:02","modified_gmt":"2017-11-27T10:17:02","slug":"maltempo-pioggia-e-vento-in-citta-disagi-e-mare-mosso-alle-eolie","status":"publish","type":"post","link":"https:\/\/www.messinaoggi.it\/website\/2017\/11\/27\/maltempo-pioggia-e-vento-in-citta-disagi-e-mare-mosso-alle-eolie\/","title":{"rendered":"Maltempo: pioggia e vento in citt\u00e0, disagi e mare mosso alle Eolie"},"content":{"rendered":"<p>Non si \u00e8 fatta attendere l&#8217;ondata di maltempo che da questa notte si \u00e8 abbattuta su Messina e sul versante tirrenico della sua provincia. Pioggia e vento stanno creando disagi, diverse le chiamate ai Vigili del fuoco per alberi, cartelloni e cornicioni pericolanti.<br \/>\nIl maltempo sta imperversando anche alle Eolie con forte vento e mare mosso. A causa delle avverse condizioni meteo, Siremar ha sospeso la corsa (prevista alle 13.50) della motonave &#8220;Paolo Veronese&#8221; sulla linea Milazzo-Eolie-Napoli.<div id=\"div-gpt-ad-Messinaoggi.it-DSK-300x250-corpoart\" style=\"text-align:center;margin:0 auto;\"><\/div><\/p>\n<div id=\"videoincontent\" style=\"clear:both\";><\/div>","protected":false},"excerpt":{"rendered":"<p>Non si \u00e8 fatta attendere l&#8217;ondata di maltempo che da questa notte si \u00e8 abbattuta su Messina e sul versante tirrenico della sua provincia. Pioggia e vento stanno creando disagi, diverse le chiamate ai Vigili del fuoco per alberi, cartelloni e cornicioni pericolanti. Il maltempo sta imperversando anche alle Eolie con forte vento e mare [&hellip;]<\/p>\n","protected":false},"author":2,"featured_media":12024,"comment_status":"closed","ping_status":"open","sticky":false,"template":"","format":"standard","meta":{"ub_ctt_via":"","_mi_skip_tracking":false},"categories":[6],"tags":[],"featured_image_src":"https:\/\/www.messinaoggi.it\/website\/wp-content\/uploads\/2017\/11\/mareggiata-inverno.jpg","author_info":{"display_name":"Redazione","author_link":"https:\/\/www.messinaoggi.it\/website\/author\/redazione\/"},"digistream_id":0,"digistream":false,"_links":{"self":[{"href":"https:\/\/www.messinaoggi.it\/website\/wp-json\/wp\/v2\/posts\/12021"}],"collection":[{"href":"https:\/\/www.messinaoggi.it\/website\/wp-json\/wp\/v2\/posts"}],"about":[{"href":"https:\/\/www.messinaoggi.it\/website\/wp-json\/wp\/v2\/types\/post"}],"author":[{"embeddable":true,"href":"https:\/\/www.messinaoggi.it\/website\/wp-json\/wp\/v2\/users\/2"}],"replies":[{"embeddable":true,"href":"https:\/\/www.messinaoggi.it\/website\/wp-json\/wp\/v2\/comments?post=12021"}],"version-history":[{"count":0,"href":"https:\/\/www.messinaoggi.it\/website\/wp-json\/wp\/v2\/posts\/12021\/revisions"}],"wp:featuredmedia":[{"embeddable":true,"href":"https:\/\/www.messinaoggi.it\/website\/wp-json\/wp\/v2\/media\/12024"}],"wp:attachment":[{"href":"https:\/\/www.messinaoggi.it\/website\/wp-json\/wp\/v2\/media?parent=12021"}],"wp:term":[{"taxonomy":"category","embeddable":true,"href":"https:\/\/www.messinaoggi.it\/website\/wp-json\/wp\/v2\/categories?post=12021"},{"taxonomy":"post_tag","embeddable":true,"href":"https:\/\/www.messinaoggi.it\/website\/wp-json\/wp\/v2\/tags?post=12021"}],"curies":[{"name":"wp","href":"https:\/\/api.w.org\/{rel}","templated":true}]}}