{"id":120181,"date":"2022-09-03T13:02:51","date_gmt":"2022-09-03T11:02:51","guid":{"rendered":"https:\/\/www.messinaoggi.it\/website\/2022\/09\/03\/regionali-in-sicilia-fava-schifani-opaco-m5s-vile\/"},"modified":"2022-09-03T13:02:51","modified_gmt":"2022-09-03T11:02:51","slug":"regionali-in-sicilia-fava-schifani-opaco-m5s-vile","status":"publish","type":"post","link":"https:\/\/www.messinaoggi.it\/website\/2022\/09\/03\/regionali-in-sicilia-fava-schifani-opaco-m5s-vile\/","title":{"rendered":"Regionali in Sicilia, Fava \u201cSchifani opaco, M5s vile\u201d"},"content":{"rendered":"<div>\n<p>PALERMO (ITALPRESS) \u2013 \u201cI nostri candidati di Centopassi non sono dentro per caso, ma perch\u00e8 in questi anni giorno per giorno hanno fatto delle cose. E fare cose in Sicilia \u00e8 importante e lascia il segno. Impegno istituzionale e civile, in questo le nostre liste raccontano una Sicilia che c\u2019\u00e8, che non ci inventiamo. Una bella Sicilia, fatta di passione, storia, esperienza e impegno. In un tempo in cui le liste sono state considerate agenzie di collocamento, aver trovato 62 nomi che stanno dentro a questo progetto \u00e8 una grande soddisfazione\u201d. Esordisce cos\u00ec Claudio Fava, leader di Centopassi, in una conferenza stampa a Palermo nella quale ha presentato i punti chiave del programma e i candidati delle liste provinciali che sosterranno la coalizione di centrosinistra con il Partito Democratico per le imminenti elezioni regionali in Sicilia del 25 settembre. Dopo l\u2019impegno in commissione antimafia, unico eletto di Centopassi all\u2019Ars nel 2017, Fava \u00e8 pronto a ripresentarsi dopo cinque anni, questa volta non da candidato governatore, ma a sostegno di Caterina Chinnici, vincitrice delle primarie del campo progressista.<br \/>\u201cSiamo pi\u00f9 consapevoli di cinque anni fa, abbiamo capito un p\u00f2 meglio la Sicilia. Non siamo in lista solo per l\u2019impegno con il PD, ma ci siamo perch\u00e8 questa coalizione vuole essere di pi\u00f9, un campo politico inclusivo, trasversale \u2013 ha spiegato \u2013 Ci siamo perch\u00e8 pensiamo che sia importante che i Centopassi siano in Ars, e che ce ne siano tanti. Ci siamo accorti da opposizione che si possono lasciare segnale, di contrapporsi alle piccole menzogne del regime, mettendo in difficolt\u00e0 un governo che per cinque anni ha continuato a scappare. Vorremmo stare in Ars non solo per un patto di lealt\u00e0, ma pensiamo che la nostra presenza possa essere utile a tutti i siciliani\u201d. <br \/>Un impegno, quello di Centopassi, che passa attraverso una strenua opposizione all\u2019operato del centrodestra negli ultimi cinque anni di governo Musumeci, e che prosegue in campagna elettorale con delle critiche mosse ai competitor da Fava, che si \u00e8 soffermato in particolare su Renato Schifani, candidato del centrodestra, implicato nella vicenda Montante:  \u201cDa Schifani ci aspettavamo parole di chiarezza sulla vicenda Montante che lo riguarda. Il centrodestra ha scelto il candidato pi\u00f9 opaco che avesse a disposizione \u2013 ha spiegato \u2013 Il sistema Montante \u00e8 ancora vivo in Sicilia, va sconfitto intanto restituendo limpidezza e verit\u00e0. La scelta di Schifani si muove in direzione opposta, \u00e8 soggetto a giudizio, fa parte del turibolo di personaggi che hanno accompagnato l\u2019ascesa di questo signore, ci saremmo aspettati parole di chiarezza e non sono arrivate \u2013 ha aggiunto \u2013 Di Montante ne troveranno uno al giorno, li costruiranno di legno e ferro se gli originali non ci sono pi\u00f9. A ogni modo, serve verit\u00e0 su quanto accaduto attorno alla vicenda Montante\u201d. <br \/>E non mancano attacchi anche nei confronti del Movimento 5 Stelle, che pochi giorni fa ha rotto l\u2019allenza col fronte progressista correndo da solo alle regionali, con Nuccio di Paola candidato: \u201cSarebbe stato molto pi\u00f9 onesto da parte sua dire che sono andati da soli perch\u00e8 sperano di avere mezzo punto in pi\u00f9. Avrei avuto piu rispetto, ma che adesso questo giovanotto incoronato candidato venga a dirci che vanno da soli perch\u00e8 sono loro l\u2019unica alternativa alla destra, si pu\u00f2 definire in un solo modo: cazzate \u2013 ha incalzato Fava \u2013 Dispiace per una scelta di vilt\u00e0 da parte di Conte e del Movimento 5 Stelle, una vilt\u00e0 elettorale, un piccolo conteggio da ragioniere della politica, quell\u2019idea di poter sfruttare qualche decimale di punto andando da solo e scegliendo di tirarsi fuori da un progetto che avevano contribuito a costruire \u2013 ha aggiunto \u2013 Conte si \u00e8 arrampicato su specchio insaponato, \u00e8 una pagina misera che non ha nulla a che vedere con la politica, una rottura basata solo su un\u2019idea che qualche sondaggista gli aveva suggerito per raccattare qualche voto in pi\u00f9\u201d. <br \/>Durante la conferenza stampa, sono stati presentati i candidati delle liste provinciali: tra questi, Mario Aiello, a lungo referente del WWF e fondatore di un\u2019associazione a difesa del mare, Peppino Albanese, insegnante che si \u00e8 speso per l\u2019alfabetizzazione dei migranti, Roberta Bellia, giovanissima vicepresidente del consiglio comunale di Carini, Mariangela Di Gangi, attuale consigliere comunale di Palermo, Nadia Spallitta, gi\u00e0 candidata a sindaco di Palermo nel 2017. E tra i temi forti del programma di Centopassi, quello della lotta alla mafia, di cui Fava ritiene si parli poco perch\u00e8 sconveniente ai fini elettorali: \u201cNon si parla di mafia e antimafia in questa campagna elettorale, questo perch\u00e8 non porta voti parlare del rischio di interferenze. Invece bisogna parlarne, c\u2019\u00e8 una stagione di spese alle porte che tanti immaginano di intercettare. Temo che noi siamo gli unici a poterne parlare\u201d. A questo \u00e8 connesso il tema della gestione dei rifiuti: \u201cNessuno parla pi\u00f9 delle discariche private, delle tre famiglie che detengono il 70% dei siti. Non si fanno nomi perch\u00e8 si immagina che da costoro possa arrivare qualche aiuto \u2013 ha concluso \u2013 come accaduto per Musumeci, Crocetta e chi c\u2019\u00e8 stato prima\u201d. <div id=\"div-gpt-ad-Messinaoggi.it-DSK-300x250-corpoart\" style=\"text-align:center;margin:0 auto;\"><\/div><\/p>\n<p> \u2013 foto: xd7\/Italpress<div id=\"videoincontent\" style=\"clear:both\";><\/div><\/p>\n<p>(ITALPRESS).<\/p>\n<\/div>\n","protected":false},"excerpt":{"rendered":"<p>PALERMO (ITALPRESS) \u2013 \u201cI nostri candidati di Centopassi non sono dentro per caso, ma perch\u00e8 in questi anni giorno per giorno hanno fatto delle cose. E fare cose in Sicilia \u00e8 importante e lascia il segno. Impegno istituzionale e civile, in questo le nostre liste raccontano una Sicilia che c\u2019\u00e8, che non ci inventiamo. Una [&hellip;]<\/p>\n","protected":false},"author":18,"featured_media":120182,"comment_status":"closed","ping_status":"closed","sticky":false,"template":"","format":"standard","meta":{"ub_ctt_via":"","_mi_skip_tracking":false},"categories":[2449],"tags":[783],"featured_image_src":"https:\/\/www.messinaoggi.it\/website\/wp-content\/uploads\/2022\/09\/20220903_0686.jpg","author_info":{"display_name":"Admin","author_link":"https:\/\/www.messinaoggi.it\/website\/author\/admin\/"},"digistream_id":0,"digistream":false,"_links":{"self":[{"href":"https:\/\/www.messinaoggi.it\/website\/wp-json\/wp\/v2\/posts\/120181"}],"collection":[{"href":"https:\/\/www.messinaoggi.it\/website\/wp-json\/wp\/v2\/posts"}],"about":[{"href":"https:\/\/www.messinaoggi.it\/website\/wp-json\/wp\/v2\/types\/post"}],"author":[{"embeddable":true,"href":"https:\/\/www.messinaoggi.it\/website\/wp-json\/wp\/v2\/users\/18"}],"replies":[{"embeddable":true,"href":"https:\/\/www.messinaoggi.it\/website\/wp-json\/wp\/v2\/comments?post=120181"}],"version-history":[{"count":0,"href":"https:\/\/www.messinaoggi.it\/website\/wp-json\/wp\/v2\/posts\/120181\/revisions"}],"wp:featuredmedia":[{"embeddable":true,"href":"https:\/\/www.messinaoggi.it\/website\/wp-json\/wp\/v2\/media\/120182"}],"wp:attachment":[{"href":"https:\/\/www.messinaoggi.it\/website\/wp-json\/wp\/v2\/media?parent=120181"}],"wp:term":[{"taxonomy":"category","embeddable":true,"href":"https:\/\/www.messinaoggi.it\/website\/wp-json\/wp\/v2\/categories?post=120181"},{"taxonomy":"post_tag","embeddable":true,"href":"https:\/\/www.messinaoggi.it\/website\/wp-json\/wp\/v2\/tags?post=120181"}],"curies":[{"name":"wp","href":"https:\/\/api.w.org\/{rel}","templated":true}]}}