{"id":120142,"date":"2022-09-02T21:17:54","date_gmt":"2022-09-02T19:17:54","guid":{"rendered":"https:\/\/www.messinaoggi.it\/website\/2022\/09\/02\/palermo-ricorda-dalla-chiesa-in-prefettura-una-targa-in-memoria-del-generale\/"},"modified":"2022-09-02T21:17:54","modified_gmt":"2022-09-02T19:17:54","slug":"palermo-ricorda-dalla-chiesa-in-prefettura-una-targa-in-memoria-del-generale","status":"publish","type":"post","link":"https:\/\/www.messinaoggi.it\/website\/2022\/09\/02\/palermo-ricorda-dalla-chiesa-in-prefettura-una-targa-in-memoria-del-generale\/","title":{"rendered":"Palermo ricorda Dalla Chiesa, in Prefettura una targa in memoria del Generale"},"content":{"rendered":"<div>\n<p>PALERMO (ITALPRESS) \u2013 127 giorni di fervente attivit\u00e0 per contrastare Cosa nostra e dare un segnale di maggiore presenza dello Stato, 127 giorni interrotti da Cosa nostra con la massima ferocia. Era la sera del 3 settembre 1982 quando il generale Carlo Alberto Dalla Chiesa, prefetto di Palermo, veniva ucciso insieme alla moglie Emanuela Setti Carraro e all\u2019agente di scorta Domenico Russo in un agguato in via Isidoro Carini: per rendergli omaggio, alla vigilia del quarantennale della strage, una targa \u00e8 stata svelata nel cortile interno di Villa Whitaker, dove Dalla Chiesa aveva prestato servizio.<br \/>Alla cerimonia hanno partecipato, oltre al prefetto in carica Giuseppe Forlani, il figlio del generale, Nando Dalla Chiesa, il sindaco Roberto Lagalla, il presidente del Tribunale, Antonio Balsamo, l\u2019assessore regionale Gaetano Armao, il deputato di Forza Italia Giorgio Mul\u00e8, l\u2019ex presidente del Senato Pietro Grasso, l\u2019ex primo cittadino Leoluca Orlando e i massimi esponenti delle forze dell\u2019ordine.<br \/>Sulla targa, il cui svelamento \u00e8 stato allietato da accompagnamenti musicali di vario genere e dalla proposizione di fotografie ritraenti le tre vittime, sono riportate la motivazione della medaglia d\u2019oro al valore civile che Dalla Chiesa ricevette e un passaggio dell\u2019intervista rilasciata a Giorgio Bocca il 10 agosto 1982.<br \/>\u201cCon questa targa abbiamo voluto rendere la prefettura un luogo di memoria per chiunque la frequenti, istituzioni o cittadinanza \u2013 ha sottolineato Forlani -. Tutti devono sentirsi parte di questa grande battaglia di legalit\u00e0, giustizia e diritto: la societ\u00e0 civile deve essere coinvolta nella lotta alla mafia non solo nei momenti di solidariet\u00e0 alle vittime, ma anche per l\u2019affermazione di quei valori che rendono i diritti un bene da esigere\u201d. Il prefetto ha evidenziato poi come \u201cle intuizioni sulle attivit\u00e0 illecite sono il pi\u00f9 grande lascito di Carlo Alberto Dalla Chiesa e oggi diventano ancora pi\u00f9 importanti, data la necessit\u00e0 di proteggere i fondi del Pnrr\u201d.<br \/>foto xa7 Italpress <br \/>(ITALPRESS).<div id=\"div-gpt-ad-Messinaoggi.it-DSK-300x250-corpoart\" style=\"text-align:center;margin:0 auto;\"><\/div><\/p>\n<\/div>\n<div id=\"videoincontent\" style=\"clear:both\";><\/div>","protected":false},"excerpt":{"rendered":"<p>PALERMO (ITALPRESS) \u2013 127 giorni di fervente attivit\u00e0 per contrastare Cosa nostra e dare un segnale di maggiore presenza dello Stato, 127 giorni interrotti da Cosa nostra con la massima ferocia. Era la sera del 3 settembre 1982 quando il generale Carlo Alberto Dalla Chiesa, prefetto di Palermo, veniva ucciso insieme alla moglie Emanuela Setti [&hellip;]<\/p>\n","protected":false},"author":18,"featured_media":120143,"comment_status":"closed","ping_status":"closed","sticky":false,"template":"","format":"standard","meta":{"ub_ctt_via":"","_mi_skip_tracking":false},"categories":[2449],"tags":[783],"featured_image_src":"https:\/\/www.messinaoggi.it\/website\/wp-content\/uploads\/2022\/09\/20220902_2276.jpg","author_info":{"display_name":"Admin","author_link":"https:\/\/www.messinaoggi.it\/website\/author\/admin\/"},"digistream_id":0,"digistream":false,"_links":{"self":[{"href":"https:\/\/www.messinaoggi.it\/website\/wp-json\/wp\/v2\/posts\/120142"}],"collection":[{"href":"https:\/\/www.messinaoggi.it\/website\/wp-json\/wp\/v2\/posts"}],"about":[{"href":"https:\/\/www.messinaoggi.it\/website\/wp-json\/wp\/v2\/types\/post"}],"author":[{"embeddable":true,"href":"https:\/\/www.messinaoggi.it\/website\/wp-json\/wp\/v2\/users\/18"}],"replies":[{"embeddable":true,"href":"https:\/\/www.messinaoggi.it\/website\/wp-json\/wp\/v2\/comments?post=120142"}],"version-history":[{"count":0,"href":"https:\/\/www.messinaoggi.it\/website\/wp-json\/wp\/v2\/posts\/120142\/revisions"}],"wp:featuredmedia":[{"embeddable":true,"href":"https:\/\/www.messinaoggi.it\/website\/wp-json\/wp\/v2\/media\/120143"}],"wp:attachment":[{"href":"https:\/\/www.messinaoggi.it\/website\/wp-json\/wp\/v2\/media?parent=120142"}],"wp:term":[{"taxonomy":"category","embeddable":true,"href":"https:\/\/www.messinaoggi.it\/website\/wp-json\/wp\/v2\/categories?post=120142"},{"taxonomy":"post_tag","embeddable":true,"href":"https:\/\/www.messinaoggi.it\/website\/wp-json\/wp\/v2\/tags?post=120142"}],"curies":[{"name":"wp","href":"https:\/\/api.w.org\/{rel}","templated":true}]}}