{"id":120108,"date":"2022-09-02T18:47:53","date_gmt":"2022-09-02T16:47:53","guid":{"rendered":"https:\/\/www.messinaoggi.it\/website\/2022\/09\/02\/al-via-seconda-edizione-della-coppa-floriopoli-rivive-il-mito-della-targa-florio\/"},"modified":"2022-09-02T18:47:53","modified_gmt":"2022-09-02T16:47:53","slug":"al-via-seconda-edizione-della-coppa-floriopoli-rivive-il-mito-della-targa-florio","status":"publish","type":"post","link":"https:\/\/www.messinaoggi.it\/website\/2022\/09\/02\/al-via-seconda-edizione-della-coppa-floriopoli-rivive-il-mito-della-targa-florio\/","title":{"rendered":"Al via seconda edizione della Coppa Floriopoli, rivive il mito della Targa Florio"},"content":{"rendered":"<div>\n<p>PALERMO (ITALPRESS) \u2013 Oggi con l\u2019omaggio ai vecchi protagonisti della Targa Florio, organizzato dal Club Piloti Targa Florio, e con la cerimonia di consegna al Museo di Cerda dei cimeli storici del pilota catanese Vincenzo Arena, ex pilota ufficiale di Cobra Ford, Abarth e Porsche, con la quale si classific\u00f2 al terzo posto nel 1966 in coppia col barone Antonio Pucci, si \u00e8 aperto il week end della Coppa Floriopoli, concorso dinamico di conservazione e restauro per vetture d\u2019epoca e da competizione, in programma domani e domenica su una parte del vecchio tracciato della Targa Florio.<br \/>Grande attesa da parte degli appassionati per ammirare le 50 protagoniste che daranno vita alle tre \u201cmanche\u201d previste, due sabato e la conclusiva la domenica mattina. Un elenco che comprende vecchie protagoniste della gara ideata da Vincenzo Florio nel lontano 1906 e che dal 1955 al 1973 \u00e8 stata valida per il Campionato Mondiale Marche ed anche prestigiosi esemplari di vetture da competizione provenienti dalle collezioni di tutta Europa.<br \/>Tutta da vedere ed \u201cascoltare\u201d sar\u00e0 la procedura di partenza della Oreca Gibson LMP2 di Francesco Dracone, oggi protagonista della Serie erede di quel Campionato del Mondo Marche, di cui la Targa Florio fu prova regina insieme alla 24 Ore di Le Mans, la 1000 Km del Nurburgring e la 1000 Km di Monza. Le \u201csport\u201d di un tempo saranno rappresentate dalle Abarth di Angelo e Roberta Miniggio, la 1000 Biposto SE 018 che partecip\u00f2 alla Targa Florio del 1971 piazzandosi al 14\u00b0 posto con l\u2019equipaggio Barone-Campanini e la Abarth Simca 1300 che  corse nel 1963 con la coppia Arena-Ada Pace. Saranno poi di scena la Lotus 23 di Giorgio Schon, non solo vincitore nell\u201986 della prima Targa Florio Storica in coppia con \u201cApache\u201d, ma anche protagonista delle edizioni \u201cmondiali\u201d a partire dal 1971, con un 10\u00b0 posto nel carniere ed un 3\u00b0 nell\u2019ultima edizione \u201ctricolore\u201d del \u201977, la Porsche 910 del 1969 di Bernd Becker, la Ferrari Testarossa del 1957 del ragusano Carmelo Baieli, la Ferrari 488 Challenge di Marazzi, la Jaguard D Type di Gamberini, l\u2019Abarth 700 Record Monza di Giuseppe Di Vincenzo, la Pantera De Tomaso Gruppo 4 di Pietro Silva, vincitore della seconda Targa Florio Storica, e vettura che corse la Targa Florio del 1974 e \u201976, la Porsche 911 in livrea Martini del tedesco Buending, l\u2019Osella PA9 di Veninata, la TI.GA. di Miccich\u00e8 e l\u2019Alfa Romeo GTA di Crescenti.<br \/>Porsche 911 per Mario De Luca, presidente del Club Piloti Targa Florio, e Gianfranco Mauriello e 356 per Sergio Montalto e poi la pattuglia delle Lancia guidata dalla Stratos di Barbera, la Fulvia Zagato di Roberto Chiaramonte Bordonaro e Beppe Barresi, le Fulvia  HF di Onori, Cucciolla ed Alfisi, e le Abarth della famiglia Musumeci, una delle quali ha corso la Targa del 1976. Il legame con il presente della Targa sar\u00e0 assicurato dalla Peugeot 206 S1600 di Capraro, vettura ex ufficiale che ha corso la Targa Rally nel 2006 con Rossetti.<br \/>\u201cLa Coppa Floriopoli \u00e8 una manifestazione che fa rivivere il mito della Targa Florio. In questo fine settimana gli appassionati potranno ammirare le auto d\u2019epoca che hanno scritto la storia della corsa pi\u00f9 antica del mondo. E tutto questo all\u2019interno della cornice delle strade della Targa Florio ed \u00e8 anche per questo motivo che siamo fieri di sostenere come Citt\u00e0 Metropolitana la Coppa Floriopoli\u201d, afferma il sindaco di Palermo e della Citt\u00e0 Metropolitana, Roberto Lagalla. <br \/>Ospite della manifestazione e Presidente della Giuria che assegner\u00e0 a fine gara i riconoscimenti previsti sar\u00e0 Daniele Audetto, ex Direttore Sportivo della Ferrari in F.1 e responsabile sportivo dell\u2019attivit\u00e0 Fiat-Abarth, che vinse il Campionato Mondiale Rally con la Fiat 131 Abarth.<br \/>Paddock aperto al pubblico fin da oggi pomeriggio, che da sabato a domenica ospiter\u00e0 la mostra del fotografo ed editore Roberto Barbato con i suoi bellissimi scatti provenienti da uno dei pi\u00f9 ricchi archivi sulla corsa madonita.<br \/>Domani si inizier\u00e0 alle ore 9 con la registrazione dei partecipanti, mentre alle ore 11.30 si terr\u00e0 il briefing con i piloti ed alle 12,30 la partenza della prima manche della Coppa Floriopoli, al seguito della vettura apriprista, che quest\u2019anno sar\u00e0 la KIA EV6, eletta Auto dell\u2019Anno 2022, che suggeller\u00e0 il legame tra la storia dell\u2019auto ed il suo futuro a propulsione elettrica e che sar\u00e0 condotta da due note influencer: Isa Iaquinta e Jane Alexander. Gli spettatori avranno la possibilit\u00e0 di svolgere un test drive con la vettura Coreana.<br \/>La prima giornata si chiuder\u00e0 con la seconda manche, prevista per le ore 15,00 e la cena di gala a Villa Bordonaro ai Colli. Domenica 4 settembre il clou della manifestazione con l\u2019ultima manche sullo stesso percorso con inizio alle ore 10.<br \/>La \u201cCoppa Floriopoli\u201d 2022 anche quest\u2019anno sar\u00e0 organizzata con il patrocinio della Citt\u00e0 Metropolitana di Palermo, proprietaria delle strutture di Floriopoli, della Citt\u00e0 di Termini Imerese e del Comune di Cerda ed in collaborazione con Casa Florio. <br \/>credit photo agenziafotogramma.it <br \/>(ITALPRESS).<div id=\"div-gpt-ad-Messinaoggi.it-DSK-300x250-corpoart\" style=\"text-align:center;margin:0 auto;\"><\/div><\/p>\n<\/div>\n<div id=\"videoincontent\" style=\"clear:both\";><\/div>","protected":false},"excerpt":{"rendered":"<p>PALERMO (ITALPRESS) \u2013 Oggi con l\u2019omaggio ai vecchi protagonisti della Targa Florio, organizzato dal Club Piloti Targa Florio, e con la cerimonia di consegna al Museo di Cerda dei cimeli storici del pilota catanese Vincenzo Arena, ex pilota ufficiale di Cobra Ford, Abarth e Porsche, con la quale si classific\u00f2 al terzo posto nel 1966 [&hellip;]<\/p>\n","protected":false},"author":18,"featured_media":120109,"comment_status":"closed","ping_status":"closed","sticky":false,"template":"","format":"standard","meta":{"ub_ctt_via":"","_mi_skip_tracking":false},"categories":[2449],"tags":[783],"featured_image_src":"https:\/\/www.messinaoggi.it\/website\/wp-content\/uploads\/2022\/09\/20220902_1937.jpg","author_info":{"display_name":"Admin","author_link":"https:\/\/www.messinaoggi.it\/website\/author\/admin\/"},"digistream_id":0,"digistream":false,"_links":{"self":[{"href":"https:\/\/www.messinaoggi.it\/website\/wp-json\/wp\/v2\/posts\/120108"}],"collection":[{"href":"https:\/\/www.messinaoggi.it\/website\/wp-json\/wp\/v2\/posts"}],"about":[{"href":"https:\/\/www.messinaoggi.it\/website\/wp-json\/wp\/v2\/types\/post"}],"author":[{"embeddable":true,"href":"https:\/\/www.messinaoggi.it\/website\/wp-json\/wp\/v2\/users\/18"}],"replies":[{"embeddable":true,"href":"https:\/\/www.messinaoggi.it\/website\/wp-json\/wp\/v2\/comments?post=120108"}],"version-history":[{"count":0,"href":"https:\/\/www.messinaoggi.it\/website\/wp-json\/wp\/v2\/posts\/120108\/revisions"}],"wp:featuredmedia":[{"embeddable":true,"href":"https:\/\/www.messinaoggi.it\/website\/wp-json\/wp\/v2\/media\/120109"}],"wp:attachment":[{"href":"https:\/\/www.messinaoggi.it\/website\/wp-json\/wp\/v2\/media?parent=120108"}],"wp:term":[{"taxonomy":"category","embeddable":true,"href":"https:\/\/www.messinaoggi.it\/website\/wp-json\/wp\/v2\/categories?post=120108"},{"taxonomy":"post_tag","embeddable":true,"href":"https:\/\/www.messinaoggi.it\/website\/wp-json\/wp\/v2\/tags?post=120108"}],"curies":[{"name":"wp","href":"https:\/\/api.w.org\/{rel}","templated":true}]}}