{"id":12009,"date":"2017-11-27T09:27:11","date_gmt":"2017-11-27T08:27:11","guid":{"rendered":"http:\/\/www.messinaoggi.it\/website\/?p=12009"},"modified":"2017-11-27T09:27:11","modified_gmt":"2017-11-27T08:27:11","slug":"trasparenza-e-pari-opportunita-seminario-promosso-dalla-uil","status":"publish","type":"post","link":"https:\/\/www.messinaoggi.it\/website\/2017\/11\/27\/trasparenza-e-pari-opportunita-seminario-promosso-dalla-uil\/","title":{"rendered":"Trasparenza e pari opportunit\u00e0: seminario promosso dalla Uil"},"content":{"rendered":"<p>\u201cAccesso civico: trasparenza e pari opportunit\u00e0\u201d: \u00e8 il titolo del seminario promosso dalla UIL di Messina e dal Coordinamento Pari Opportunit\u00e0. L\u2019incontro si terr\u00e0 mercoled\u00ec 29 novembre al Salone degli Specchi della Citt\u00e0 Metropolitana dalle ore 9,30.<br \/>\nIl programma dei lavori dell\u2019importante iniziativa prevede dopo i saluti del Commissario della Citt\u00e0 Metropolitana Francesco Calanna e dell\u2019assessora comunale Nina Santisi, l\u2019introduzione di Alda Iudicelli, Segretaria resp.le CPO UIL Messina; seguiranno gli interventi di: Laura Strano, Segretaria resp.le CPO UIL FPL, Maria Angela Caponetti, Segretaria generale Citt\u00e0 Metropolitana di Messina, Carmen Curr\u00f2, Presidente Cedav Messina, Luisella Lionti, Segretaria org.va UIL Sicilia, e Giuseppa Prestipino, Dirigente Scolastico I.I.S. \u201cLa Farina \u2013 Basile\u201d di Messina. Le conclusioni del seminario saranno tratte da Ivan Tripodi, Segretario generale UIL Messina.\u00a0Il seminario sar\u00e0 moderato dalla giornalista Francesca Stornante vedr\u00e0,<div id=\"div-gpt-ad-Messinaoggi.it-DSK-300x250-corpoart\" style=\"text-align:center;margin:0 auto;\"><\/div><\/p>\n<div id=\"videoincontent\" style=\"clear:both\";><\/div>","protected":false},"excerpt":{"rendered":"<p>\u201cAccesso civico: trasparenza e pari opportunit\u00e0\u201d: \u00e8 il titolo del seminario promosso dalla UIL di Messina e dal Coordinamento Pari Opportunit\u00e0. L\u2019incontro si terr\u00e0 mercoled\u00ec 29 novembre al Salone degli Specchi della Citt\u00e0 Metropolitana dalle ore 9,30. Il programma dei lavori dell\u2019importante iniziativa prevede dopo i saluti del Commissario della Citt\u00e0 Metropolitana Francesco Calanna e [&hellip;]<\/p>\n","protected":false},"author":2,"featured_media":8386,"comment_status":"closed","ping_status":"open","sticky":false,"template":"","format":"standard","meta":{"ub_ctt_via":"","_mi_skip_tracking":false},"categories":[5],"tags":[],"featured_image_src":"https:\/\/www.messinaoggi.it\/website\/wp-content\/uploads\/2017\/09\/ivan-tripodi-uilRRP_8325-2.jpg","author_info":{"display_name":"Redazione","author_link":"https:\/\/www.messinaoggi.it\/website\/author\/redazione\/"},"digistream_id":0,"digistream":false,"_links":{"self":[{"href":"https:\/\/www.messinaoggi.it\/website\/wp-json\/wp\/v2\/posts\/12009"}],"collection":[{"href":"https:\/\/www.messinaoggi.it\/website\/wp-json\/wp\/v2\/posts"}],"about":[{"href":"https:\/\/www.messinaoggi.it\/website\/wp-json\/wp\/v2\/types\/post"}],"author":[{"embeddable":true,"href":"https:\/\/www.messinaoggi.it\/website\/wp-json\/wp\/v2\/users\/2"}],"replies":[{"embeddable":true,"href":"https:\/\/www.messinaoggi.it\/website\/wp-json\/wp\/v2\/comments?post=12009"}],"version-history":[{"count":0,"href":"https:\/\/www.messinaoggi.it\/website\/wp-json\/wp\/v2\/posts\/12009\/revisions"}],"wp:featuredmedia":[{"embeddable":true,"href":"https:\/\/www.messinaoggi.it\/website\/wp-json\/wp\/v2\/media\/8386"}],"wp:attachment":[{"href":"https:\/\/www.messinaoggi.it\/website\/wp-json\/wp\/v2\/media?parent=12009"}],"wp:term":[{"taxonomy":"category","embeddable":true,"href":"https:\/\/www.messinaoggi.it\/website\/wp-json\/wp\/v2\/categories?post=12009"},{"taxonomy":"post_tag","embeddable":true,"href":"https:\/\/www.messinaoggi.it\/website\/wp-json\/wp\/v2\/tags?post=12009"}],"curies":[{"name":"wp","href":"https:\/\/api.w.org\/{rel}","templated":true}]}}