{"id":120073,"date":"2022-09-02T16:03:10","date_gmt":"2022-09-02T14:03:10","guid":{"rendered":"https:\/\/www.messinaoggi.it\/website\/2022\/09\/02\/in-piu-di-26-mila-in-visita-ai-giardini-di-palazzo-orleans-da-giugno-ad-agosto-a-palermo\/"},"modified":"2022-09-02T16:03:10","modified_gmt":"2022-09-02T14:03:10","slug":"in-piu-di-26-mila-in-visita-ai-giardini-di-palazzo-orleans-da-giugno-ad-agosto-a-palermo","status":"publish","type":"post","link":"https:\/\/www.messinaoggi.it\/website\/2022\/09\/02\/in-piu-di-26-mila-in-visita-ai-giardini-di-palazzo-orleans-da-giugno-ad-agosto-a-palermo\/","title":{"rendered":"In pi\u00f9 di 26 mila in visita ai Giardini di Palazzo Orl\u00e8ans da giugno ad agosto a Palermo"},"content":{"rendered":"<div>\n<p>PALERMO (ITALPRESS) \u2013 Sono oltre 26 mila i visitatori che hanno percorso i viali dei Giardini del Palazzo Orleans da giugno ad agosto, a Palermo. Un\u2019estate ricca di visite, prevalentemente caratterizzate da famiglie con bambini, ma anche turisti italiani e stranieri di tutte le et\u00e0. Lo rende noto la Regione siciliana, sottolineando in una nota che dalla rilevazione degli ingressi emerge che 26.207 persone hanno varcato i cancelli con una media di 332 al giorno, incuriosite dai circa tre ettari e mezzo di giardini, che sono parte del parco ottocentesco, con un vasto patrimonio faunistico e vegetale, tra cui diversi ficus macrophylla, e diverse specie faunistiche, con 350 esemplari di 70 specie animali diverse, oltre a pesci e tartarughe.<br \/>Nel dettaglio, sono stati 8.498 i visitatori a giugno, 7.512 a luglio, mentre ad agosto sono stati 10.197 i visitatori, con punte di oltre 700 in un solo giorno, per un totale complessivo nei tre mesi estivi di 26.207 presenze.<br \/>Dalla riapertura del parco, avvenuta il 5 agosto del 2021, il numero dei visitatori ha superato abbondantemente la soglia dei 100 mila, prosegue la nota. Fra gli ospiti d\u2019eccezione in visita ai Giardini anche il presidente della Repubblica, Sergio Mattarella, giunto durante le scorse feste natalizie per visitare il Presepe allestito per l\u2019occasione all\u2019interno del parco.<br \/>Ad oggi, evidenzia la nota, \u00e8 in corso un fotocontest per tutti gli appassionati di fotografia: per partecipare basta recarsi al parco e fare degli scatti, inviare le foto allo staff dei Giardini che si occuper\u00e0 di selezionare lo scatto pi\u00f9 bello. Ogni settimana verr\u00e0 scelta una foto che diventer\u00e0 copertina della pagina ufficiale Facebook igiardinidelpalazzorleans, accompagnata dal nome dell\u2019autore.<br \/>Dall\u2019aprile di quest\u2019anno sono stati introdotti i nuovi orari dei Giardini con ingresso consentito dal marted\u00ec al gioved\u00ec dalle 10 alle 13 e dalle 15 alle 18 (luned\u00ec giorno di chiusura per manutenzione) e la domenica dalle 10 alle 13 e dalle 15.30 alle 17.30. Per maggiori informazioni \u00e8 possibile visitare il sito www.igiardinidelpalazzorleans.it e la pagina Facebook del parco.<br \/>(ITALPRESS).<div id=\"div-gpt-ad-Messinaoggi.it-DSK-300x250-corpoart\" style=\"text-align:center;margin:0 auto;\"><\/div><\/p>\n<\/div>\n<div id=\"videoincontent\" style=\"clear:both\";><\/div>","protected":false},"excerpt":{"rendered":"<p>PALERMO (ITALPRESS) \u2013 Sono oltre 26 mila i visitatori che hanno percorso i viali dei Giardini del Palazzo Orleans da giugno ad agosto, a Palermo. Un\u2019estate ricca di visite, prevalentemente caratterizzate da famiglie con bambini, ma anche turisti italiani e stranieri di tutte le et\u00e0. Lo rende noto la Regione siciliana, sottolineando in una nota [&hellip;]<\/p>\n","protected":false},"author":18,"featured_media":120074,"comment_status":"closed","ping_status":"closed","sticky":false,"template":"","format":"standard","meta":{"ub_ctt_via":"","_mi_skip_tracking":false},"categories":[2449],"tags":[783],"featured_image_src":"https:\/\/www.messinaoggi.it\/website\/wp-content\/uploads\/2022\/09\/20220902_1432.jpg","author_info":{"display_name":"Admin","author_link":"https:\/\/www.messinaoggi.it\/website\/author\/admin\/"},"digistream_id":0,"digistream":false,"_links":{"self":[{"href":"https:\/\/www.messinaoggi.it\/website\/wp-json\/wp\/v2\/posts\/120073"}],"collection":[{"href":"https:\/\/www.messinaoggi.it\/website\/wp-json\/wp\/v2\/posts"}],"about":[{"href":"https:\/\/www.messinaoggi.it\/website\/wp-json\/wp\/v2\/types\/post"}],"author":[{"embeddable":true,"href":"https:\/\/www.messinaoggi.it\/website\/wp-json\/wp\/v2\/users\/18"}],"replies":[{"embeddable":true,"href":"https:\/\/www.messinaoggi.it\/website\/wp-json\/wp\/v2\/comments?post=120073"}],"version-history":[{"count":0,"href":"https:\/\/www.messinaoggi.it\/website\/wp-json\/wp\/v2\/posts\/120073\/revisions"}],"wp:featuredmedia":[{"embeddable":true,"href":"https:\/\/www.messinaoggi.it\/website\/wp-json\/wp\/v2\/media\/120074"}],"wp:attachment":[{"href":"https:\/\/www.messinaoggi.it\/website\/wp-json\/wp\/v2\/media?parent=120073"}],"wp:term":[{"taxonomy":"category","embeddable":true,"href":"https:\/\/www.messinaoggi.it\/website\/wp-json\/wp\/v2\/categories?post=120073"},{"taxonomy":"post_tag","embeddable":true,"href":"https:\/\/www.messinaoggi.it\/website\/wp-json\/wp\/v2\/tags?post=120073"}],"curies":[{"name":"wp","href":"https:\/\/api.w.org\/{rel}","templated":true}]}}