{"id":120025,"date":"2022-09-02T10:47:08","date_gmt":"2022-09-02T08:47:08","guid":{"rendered":"http:\/\/www.messinaoggi.it\/website\/?p=120025"},"modified":"2022-09-02T10:47:21","modified_gmt":"2022-09-02T08:47:21","slug":"chiude-temporaneamente-la-sala-operatoria-a-lipari-siracusano-serve-uninversione-di-marcia","status":"publish","type":"post","link":"https:\/\/www.messinaoggi.it\/website\/2022\/09\/02\/chiude-temporaneamente-la-sala-operatoria-a-lipari-siracusano-serve-uninversione-di-marcia\/","title":{"rendered":"Chiude temporaneamente la sala operatoria a Lipari, Siracusano: &#8220;Serve un&#8217;inversione di marcia&#8221;"},"content":{"rendered":"\n<p>&#8220;Sembra inevitabile il crepuscolo dell\u2019Ospedale di Lipari nonostante gli appelli che arrivano dalle cittadine e dai cittadini eoliani e l\u2019impegno dell\u2019Amministrazione Comunale&#8221;. \u00c8 l&#8217;allarme lanciato da Domenico Siracusano, candidato alle regionali con la lista Cento Passi, dopo la chiusura, su decisione dell&#8217;Asp, della sala operatoria dell&#8217;ospedale di Lipari, che rimarr\u00e0 aperta per le sole emergenze. <div id=\"div-gpt-ad-Messinaoggi.it-DSK-300x250-corpoart\" style=\"text-align:center;margin:0 auto;\"><\/div><\/p>\n\n\n\n<p>La chiusura dovrebbe essere temporanea, anche se non \u00e8 nota la data di riapertura. Mentre secondo alcuni esponenti politici sarebbe dovuta alla carenza di anestetisti, l&#8217;Asp rassicura che il disagio \u00e8 dovuto alla sostituzione di un letto nella sala chirurgica, a seguito della quale ci sar\u00e0 una ripresa normale delle attivit\u00e0.<div id=\"videoincontent\" style=\"clear:both\";><\/div><\/p>\n\n\n\n<p>&#8220;Preoccupa questa notizia non solo perch\u00e9 sono stati sospesi tutti gli interventi programmati, &#8211; prosegue Siracusano &#8211; ma anche perch\u00e9 prosegue inesorabile il declino di un ospedale che dovrebbe invece ambire alla piena funzionalit\u00e0, specie nella stagione estiva quando la popolazione residente alle Eolie cresce a dismisura.<\/p>\n\n\n\n<p>&#8220;Il pressapochismo e l\u2019indifferenza del Governo Regionale \u00e8 sotto gli occhi di tutti, nonostante impegni e promesse. \u00c8 il tempo che si ascolti la voce delle Amministrazioni e dei Consigli Comunali delle Eolie che chiedono a gran voce che l\u2019ospedale di Lipari ritorni pienamente operativo.<\/p>\n\n\n\n<p>&#8220;Appare evidente che di fronte ai ritardi dell\u2019Assessorato Regionale alla Sanit\u00e0 occorre immaginare una deroga alla normativa nazionale che tenga conto della specificit\u00e0 delle Eolie, anche in riferimento alla modifica costituzionale riguardo l&#8217;insularit\u00e0, mantenendo la struttura ospedaliera salvaguardando i servizi territoriali. L\u2019assistenza sanitaria \u00e8 un diritto costituzionale che deve essere garantito ovunque e a tutte le persone sul territorio nazionale&#8221;.<\/p>\n","protected":false},"excerpt":{"rendered":"<p>&#8220;Sembra inevitabile il crepuscolo dell\u2019Ospedale di Lipari nonostante gli appelli che arrivano dalle cittadine e dai cittadini eoliani e l\u2019impegno dell\u2019Amministrazione Comunale&#8221;. \u00c8 l&#8217;allarme lanciato da Domenico Siracusano, candidato alle regionali con la lista Cento Passi, dopo la chiusura, su decisione dell&#8217;Asp, della sala operatoria dell&#8217;ospedale di Lipari, che rimarr\u00e0 aperta per le sole emergenze. [&hellip;]<\/p>\n","protected":false},"author":8,"featured_media":120026,"comment_status":"open","ping_status":"open","sticky":false,"template":"","format":"standard","meta":{"ub_ctt_via":"","_mi_skip_tracking":false},"categories":[13,14],"tags":[1151,2299],"featured_image_src":"https:\/\/www.messinaoggi.it\/website\/wp-content\/uploads\/2022\/09\/domenico-siracusano.jpg","author_info":{"display_name":"red..me","author_link":"https:\/\/www.messinaoggi.it\/website\/author\/redstage\/"},"digistream_id":0,"digistream":false,"_links":{"self":[{"href":"https:\/\/www.messinaoggi.it\/website\/wp-json\/wp\/v2\/posts\/120025"}],"collection":[{"href":"https:\/\/www.messinaoggi.it\/website\/wp-json\/wp\/v2\/posts"}],"about":[{"href":"https:\/\/www.messinaoggi.it\/website\/wp-json\/wp\/v2\/types\/post"}],"author":[{"embeddable":true,"href":"https:\/\/www.messinaoggi.it\/website\/wp-json\/wp\/v2\/users\/8"}],"replies":[{"embeddable":true,"href":"https:\/\/www.messinaoggi.it\/website\/wp-json\/wp\/v2\/comments?post=120025"}],"version-history":[{"count":1,"href":"https:\/\/www.messinaoggi.it\/website\/wp-json\/wp\/v2\/posts\/120025\/revisions"}],"predecessor-version":[{"id":120027,"href":"https:\/\/www.messinaoggi.it\/website\/wp-json\/wp\/v2\/posts\/120025\/revisions\/120027"}],"wp:featuredmedia":[{"embeddable":true,"href":"https:\/\/www.messinaoggi.it\/website\/wp-json\/wp\/v2\/media\/120026"}],"wp:attachment":[{"href":"https:\/\/www.messinaoggi.it\/website\/wp-json\/wp\/v2\/media?parent=120025"}],"wp:term":[{"taxonomy":"category","embeddable":true,"href":"https:\/\/www.messinaoggi.it\/website\/wp-json\/wp\/v2\/categories?post=120025"},{"taxonomy":"post_tag","embeddable":true,"href":"https:\/\/www.messinaoggi.it\/website\/wp-json\/wp\/v2\/tags?post=120025"}],"curies":[{"name":"wp","href":"https:\/\/api.w.org\/{rel}","templated":true}]}}