{"id":119998,"date":"2022-09-02T09:02:53","date_gmt":"2022-09-02T07:02:53","guid":{"rendered":"https:\/\/www.messinaoggi.it\/website\/2022\/09\/02\/elezioni-micciche-rinuncio-al-senato-resto-allars\/"},"modified":"2022-09-02T09:02:53","modified_gmt":"2022-09-02T07:02:53","slug":"elezioni-micciche-rinuncio-al-senato-resto-allars","status":"publish","type":"post","link":"https:\/\/www.messinaoggi.it\/website\/2022\/09\/02\/elezioni-micciche-rinuncio-al-senato-resto-allars\/","title":{"rendered":"Elezioni, Miccich\u00e8 \u201cRinuncio al senato, resto all\u2019Ars\u201d"},"content":{"rendered":"<div>\n<p>PALERMO (ITALPRESS) \u2013 \u201cNon \u00e8 pi\u00f9 il tempo dei posti al sole per i settantenni \u00e8 ora di fare largo alla classe dirigente di domani\u201d. Con queste parole, il maggiorente di Forza Italia in Sicilia, Gianfranco Miccich\u00e8, annuncia a \u201cRepubblica\u201d la sua intenzione di rinunciare al Senato e di rimanere all\u2019Ars al fianco di Renato Schifani, in caso di elezione alla presidenza della Regione. \u201cScelgo la Sicilia, rester\u00f2 a Palermo\u201d dice, \u201cnon ho nessuna intenzione di andare via. Sono stato tra coloro che hanno bloccato il bis di Musumeci, adesso Schifani \u00e8 il candidato di Forza Italia. Non potrei non stargli accanto\u201d. Tra le regioni che lo hanno spinto a rinunciare al ritorno a Roma, Miccich\u00e8 spiega \u201cTra un anno compio 70 anni. Dare spazio ai giovani non \u00e8 uno slogan, \u00e8 un obbligo\u201d e infatti in lista dietro di lui, nel caso come annunciato dovesse rinunciare c\u2019\u00e8 \u201cDaniela Ternullo, una quarantenne appunto\u201d, \u201cpoi io resto in politica se mi guadagno i voti. Ma non si possono regalare i posti alla gente alla sesta legislatura\u201d. Un ringiovanimento che per\u00f2 non riguarder\u00e0 la Regione Sicilia, visto che il centrodestra avr\u00e0 un candidato di 72 anni\u2026 \u201cForse la Sicilia non era ancora pronta per un quarantenne, spero che possa venire fuori in questa legislatura. Ce ne sono moltissime, una per partito\u201d conclude. \u201cCi sono tante cose che voglio ancora fare\u201d, \u201cmi spiace non essermi occupato di sanit\u00e0, \u00e8 quello che voglio fare in futuro\u201d dice ancora. A proposito della sanit\u00e0 siciliana, Miccich\u00e8 ha confessato che \u201cstiamo studiando l\u2019intero settore insieme con alcuni esperti. Ci sono realt\u00e0 d\u2019eccellenza, ma anche gravi carenze. Schifani lamenta le lungaggini delle liste d\u2019attesa. Il punto \u00e8 che non si usano le strutture territoriali. Serve un approccio manageriale\u201d. Gli esperti di cui parla Miccich\u00e8 sono \u201cl\u2019Ordine dei Medici, con le strutture, con le categorie: queste cose te le pu\u00f2 insegnare soltanto chi le conosce bene\u201d. (ITALPRESS).<div id=\"div-gpt-ad-Messinaoggi.it-DSK-300x250-corpoart\" style=\"text-align:center;margin:0 auto;\"><\/div><\/p>\n<p>Photo credits: ufficio stampa Miccich\u00e8<div id=\"videoincontent\" style=\"clear:both\";><\/div><\/p>\n<\/div>\n","protected":false},"excerpt":{"rendered":"<p>PALERMO (ITALPRESS) \u2013 \u201cNon \u00e8 pi\u00f9 il tempo dei posti al sole per i settantenni \u00e8 ora di fare largo alla classe dirigente di domani\u201d. Con queste parole, il maggiorente di Forza Italia in Sicilia, Gianfranco Miccich\u00e8, annuncia a \u201cRepubblica\u201d la sua intenzione di rinunciare al Senato e di rimanere all\u2019Ars al fianco di Renato [&hellip;]<\/p>\n","protected":false},"author":18,"featured_media":119999,"comment_status":"closed","ping_status":"closed","sticky":false,"template":"","format":"standard","meta":{"ub_ctt_via":"","_mi_skip_tracking":false},"categories":[2449],"tags":[783],"featured_image_src":"https:\/\/www.messinaoggi.it\/website\/wp-content\/uploads\/2022\/09\/20220902_0097.jpg","author_info":{"display_name":"Admin","author_link":"https:\/\/www.messinaoggi.it\/website\/author\/admin\/"},"digistream_id":0,"digistream":false,"_links":{"self":[{"href":"https:\/\/www.messinaoggi.it\/website\/wp-json\/wp\/v2\/posts\/119998"}],"collection":[{"href":"https:\/\/www.messinaoggi.it\/website\/wp-json\/wp\/v2\/posts"}],"about":[{"href":"https:\/\/www.messinaoggi.it\/website\/wp-json\/wp\/v2\/types\/post"}],"author":[{"embeddable":true,"href":"https:\/\/www.messinaoggi.it\/website\/wp-json\/wp\/v2\/users\/18"}],"replies":[{"embeddable":true,"href":"https:\/\/www.messinaoggi.it\/website\/wp-json\/wp\/v2\/comments?post=119998"}],"version-history":[{"count":0,"href":"https:\/\/www.messinaoggi.it\/website\/wp-json\/wp\/v2\/posts\/119998\/revisions"}],"wp:featuredmedia":[{"embeddable":true,"href":"https:\/\/www.messinaoggi.it\/website\/wp-json\/wp\/v2\/media\/119999"}],"wp:attachment":[{"href":"https:\/\/www.messinaoggi.it\/website\/wp-json\/wp\/v2\/media?parent=119998"}],"wp:term":[{"taxonomy":"category","embeddable":true,"href":"https:\/\/www.messinaoggi.it\/website\/wp-json\/wp\/v2\/categories?post=119998"},{"taxonomy":"post_tag","embeddable":true,"href":"https:\/\/www.messinaoggi.it\/website\/wp-json\/wp\/v2\/tags?post=119998"}],"curies":[{"name":"wp","href":"https:\/\/api.w.org\/{rel}","templated":true}]}}