{"id":11995,"date":"2017-11-26T19:27:37","date_gmt":"2017-11-26T18:27:37","guid":{"rendered":"http:\/\/www.messinaoggi.it\/website\/?p=11995"},"modified":"2017-11-26T19:27:37","modified_gmt":"2017-11-26T18:27:37","slug":"messina-in-passerella-venerdi-15-dicembre-appuntamento-al-palacultura","status":"publish","type":"post","link":"https:\/\/www.messinaoggi.it\/website\/2017\/11\/26\/messina-in-passerella-venerdi-15-dicembre-appuntamento-al-palacultura\/","title":{"rendered":"&quot;Messina in Passerella&quot;: venerd\u00ec 15 dicembre appuntamento al Palacultura"},"content":{"rendered":"<p style=\"text-align: justify\">Sar\u00e0 l&#8217; l\u2019Auditorium del Palacultura di Messina ad ospitare, nella serata di venerd\u00ec 15 dicembre, con inizio alle 20, l&#8217;edizione 2017 di \u201c<strong><em>Messina In Passerella<\/em><\/strong>\u201d giunta al 5\u00b0 anno. Si tratta dell&#8217;ormai consueto evento di moda finalizzato alla raccolta fondi a sostegno del Centro Clinico <strong>NeMO SUD.<\/strong><div id=\"div-gpt-ad-Messinaoggi.it-DSK-300x250-corpoart\" style=\"text-align:center;margin:0 auto;\"><\/div><\/p>\n<p style=\"text-align: justify\">Una manifestazione cresciuta col trascorrere del tempo, al pari delle persone che sostengono NeMO e i suoi pazienti. Un sostegno che diviene oggi fondamentale se si pensa al fatto che tra pochi mesi il Centro Clinico raddoppier\u00e0 i suoi posti letto: 10 posti letto in pi\u00f9, nuove stanze, nuovi colori, nuove aree dedicate che necessitano di fondi per ristrutturazioni ed arredi. Tra pochi mesi il Centro Clinico raddoppier\u00e0 i suoi posti letto: 10 posti letto in pi\u00f9, nuove stanze, nuovi colori, nuove aree dedicate che necessitano di fondi per ristrutturazioni ed arredi.<div id=\"videoincontent\" style=\"clear:both\";><\/div><\/p>\n<p style=\"text-align: justify\">Nel 2016 sono state pi\u00f9 di 1.500 le persone coinvolte. Tra modelli, staff, partner dell&#8217;iniziativa e spettatori i fondi raccolti hanno portato ad una donazione complessiva di circa 22.000 euro. Quest\u2019anno, invece, sul palco del Palacultura, saranno in 300 i modelli, 16 le aziende coinvolte, senza contare i protagonisti provenienti dal mondo della musica e dell\u2019arte. A \u201cmetterci la faccia\u201d saranno sempre in tanti: in 300 i modelli, 16 le aziende coinvolte, senza contare i protagonisti provenienti dal mondo della musica e dell\u2019arte. 10 le categorie che renderanno questa maratona di solidariet\u00e0 indimenticabile. Sfileranno \u201cgli Avvocati\u201d, \u201ci Commercialisti\u201d, \u201ci Dentisti\u201d, \u201ci Giornalisti\u201d, \u201cle Associazioni\u201d, \u201cgli Imprenditori\u201d. Non mancheranno categorie originali come \u201ci Matematici VS i Letterati\u201d e \u201cle Coppie\u201d. Ci saranno i 15 del \u201cBirrificio Messina\u201d, al fianco di NeMO gi\u00e0 dalla scorsa estate con la campagna di raccolta fondi #ALLASALUTE e che \u2013 proprio sul palco del Palacultura \u2013 doneranno quanto raccolto per il Centro: 4.000 euro che corrisponde a 40.000 bottiglie vendute. Ed ancora sfileranno medici, terapisti ed operatori tutti del NeMO SUD insieme agli #AmicidiNemo (sostenitori, pazienti e caregiver).<\/p>\n<p style=\"text-align: justify\">\u201cMessina In Passerella\u201d sar\u00e0 presentata dal giornalista Massimiliano Cavaleri e dalla Responsabile Comunicazione e Fundraising di NeMO SUD Letizia Bucalo Vita, accompagnati dalla musica della dj Helen Brown.\u00a0\u00a0Alessandra Mammoliti con Antonio Marzo e Michele De Luca di RadioStreet trasmetteranno invece la diretta dell\u2019evento dal Palacultura, commentandoci\u00f2 che avverr\u00e0 sul palco. Jos\u00e8 Villari e TODO MODO mostreranno invece \u201cil dietro le quinte\u201d, ci\u00f2 che mai fino ad ora \u00e8 stato condiviso con il pubblico.<\/p>\n<p style=\"text-align: justify\">Ad aprire l&#8217;evento 40 bimbi del Coro dell\u2019Istituto comprensivo \u201cCannizzaro Galatti\u201d. Poco dopo seguir\u00e0 l\u2019orchestra di 70 elementi della Scuola ARS NOVA. Ogni categoria di modelli sar\u00e0 introdotta da Daniela Bonanzinga \u2013 nota libraia messinese \u2013 che legger\u00e0 brevi aforismi tratti da opere scelte seguendo il tema delle singole sfilate. La scenografia sar\u00e0 curata da Cristina Ipsaro Passione e Laura Abate.<\/p>\n<p style=\"text-align: justify\">Per informazioni contattare l\u2019Ufficio Raccolta Fondi del Centro Clinico NEMO SUD al numero 090.2217191 o visitare la pagina Facebook dedicata all&#8217;Evento https:\/\/www.facebook.com\/events\/128128131180090\/ dove \u00e8 possibile trovare i nomi dei negozi ed attivit\u00e0 commerciali in cui possono richiedersi inviti per la serata.<\/p>\n","protected":false},"excerpt":{"rendered":"<p>Sar\u00e0 l&#8217; l\u2019Auditorium del Palacultura di Messina ad ospitare, nella serata di venerd\u00ec 15 dicembre, con inizio alle 20, l&#8217;edizione 2017 di \u201cMessina In Passerella\u201d giunta al 5\u00b0 anno. Si tratta dell&#8217;ormai consueto evento di moda finalizzato alla raccolta fondi a sostegno del Centro Clinico NeMO SUD. Una manifestazione cresciuta col trascorrere del tempo, al [&hellip;]<\/p>\n","protected":false},"author":9,"featured_media":0,"comment_status":"closed","ping_status":"open","sticky":false,"template":"","format":"standard","meta":{"ub_ctt_via":"","_mi_skip_tracking":false},"categories":[5],"tags":[],"featured_image_src":null,"author_info":{"display_name":"Roberto Santoro","author_link":"https:\/\/www.messinaoggi.it\/website\/author\/r-santoro\/"},"digistream_id":0,"digistream":false,"_links":{"self":[{"href":"https:\/\/www.messinaoggi.it\/website\/wp-json\/wp\/v2\/posts\/11995"}],"collection":[{"href":"https:\/\/www.messinaoggi.it\/website\/wp-json\/wp\/v2\/posts"}],"about":[{"href":"https:\/\/www.messinaoggi.it\/website\/wp-json\/wp\/v2\/types\/post"}],"author":[{"embeddable":true,"href":"https:\/\/www.messinaoggi.it\/website\/wp-json\/wp\/v2\/users\/9"}],"replies":[{"embeddable":true,"href":"https:\/\/www.messinaoggi.it\/website\/wp-json\/wp\/v2\/comments?post=11995"}],"version-history":[{"count":0,"href":"https:\/\/www.messinaoggi.it\/website\/wp-json\/wp\/v2\/posts\/11995\/revisions"}],"wp:attachment":[{"href":"https:\/\/www.messinaoggi.it\/website\/wp-json\/wp\/v2\/media?parent=11995"}],"wp:term":[{"taxonomy":"category","embeddable":true,"href":"https:\/\/www.messinaoggi.it\/website\/wp-json\/wp\/v2\/categories?post=11995"},{"taxonomy":"post_tag","embeddable":true,"href":"https:\/\/www.messinaoggi.it\/website\/wp-json\/wp\/v2\/tags?post=11995"}],"curies":[{"name":"wp","href":"https:\/\/api.w.org\/{rel}","templated":true}]}}