{"id":119918,"date":"2022-09-01T16:34:16","date_gmt":"2022-09-01T14:34:16","guid":{"rendered":"http:\/\/www.messinaoggi.it\/website\/?p=119918"},"modified":"2022-09-01T16:34:32","modified_gmt":"2022-09-01T14:34:32","slug":"acr-messina-si-presenta-a-palazzo-zanca-con-nino-frassica-e-il-sindaco","status":"publish","type":"post","link":"https:\/\/www.messinaoggi.it\/website\/2022\/09\/01\/acr-messina-si-presenta-a-palazzo-zanca-con-nino-frassica-e-il-sindaco\/","title":{"rendered":"Acr Messina si presenta a Palazzo Zanca con Nino Frassica e il Sindaco"},"content":{"rendered":"\n<p>Alla presenza del Sindaco <strong>Federico Basile<\/strong> e del Vicesindaco ed Assessore alle Politiche Sportive <strong>Francesco Gallo,<\/strong> si \u00e8 tenuta oggi a Palazzo Zanca la presentazione ufficiale dei quadri societari e tecnici dell\u2019Acr Messina, che parteciper\u00e0 al prossimo campionato di serie C. All\u2019evento hanno preso parte il Vicepresidente dell\u2019Acr <strong>Matteo Sciotto,<\/strong> il direttore generale <strong>Raffaele Manfredi<\/strong> ed il testimonial del club giallorosso ed abbonato numero 1 del Messina, l\u2019attore <strong>Nino Frassica.<\/strong><div id=\"div-gpt-ad-Messinaoggi.it-DSK-300x250-corpoart\" style=\"text-align:center;margin:0 auto;\"><\/div><\/p>\n\n\n\n<p><br>\u201cLa citt\u00e0 di Messina ha bisogno di una squadra che faccia rivivere le emozioni del passato \u2013 ha spiegato il Sindaco Basile nel corso del suo saluto istituzionale all\u2019Acr -. Nel mio ruolo di primo rappresentante dei cittadini sono gratificato dalla vostra presenza qui oggi a Palazzo Zanca. Ho scelto di acquistare un abbonamento e da tifoso mi auguro che il Messina sia protagonista di una stagione brillante, punto di partenza di una ripresa di tutto il settore sportivo\u201d.<div id=\"videoincontent\" style=\"clear:both\";><\/div><\/p>\n\n\n\n<p><br>Si \u00e8 abbonato al Messina anche il Vicesindaco Gallo, che ha sintetizzato le ultime novit\u00e0 sull\u2019utilizzo degli stadi San Filippo e Celeste: <\/p>\n\n\n\n<p>\u201cL\u2019Amministrazione comunale si \u00e8 adoperata e continuer\u00e0 a farlo nel rispetto delle sue possibilit\u00e0. Entro dieci, al massimo quindici giorni la foresteria del Franco Scoglio, insieme alle sale disponibili, potranno essere utilizzate ed \u00e8 prevista anche una manutenzione costante dell\u2019impianto sportivo ed anche dello stadio Celeste, a carico del Comune. Ringrazio i vertici dell\u2019Acr per la loro presenza ed un grande in bocca al lupo alla squadra, a partire dall\u2019esordio di domenica sera in casa contro il Crotone\u201d.<br>Il Vicepresidente Sciotto ha dichiarato che la societ\u00e0 giallorossa, in tutte le sue componenti, si \u00e8 adeguata al livello professionistico della categoria in cui milita, ed insieme al direttore generale Manfredi ha rivolto parole di elogio per l\u2019Amministrazione comunale in quanto \u201cmai come quest\u2019anno si sente la vicinanza del Comune, che ha fatto tutto ci\u00f2 che era possibile ed in futuro si continuer\u00e0 a lavorare in totale sinergia con l\u2019Ente per nuove ed ulteriori iniziative\u201d.<\/p>\n\n\n\n<p><br>L\u2019attore Nino Frassica \u00e8 intervenuto durante la presentazione del settore tecnico dell\u2019Acr ed ha ammesso che: \u201cRispondo sempre di s\u00ec a qualsiasi chiamata di Messina e del Messina. Mi sento quasi in debito con la mia citt\u00e0, perch\u00e9 sono andato via e vivo lontano da molti anni. Messina mi ha dato tanto e non lo dimentico assolutamente\u201d.<\/p>\n","protected":false},"excerpt":{"rendered":"<p>Alla presenza del Sindaco Federico Basile e del Vicesindaco ed Assessore alle Politiche Sportive Francesco Gallo, si \u00e8 tenuta oggi a Palazzo Zanca la presentazione ufficiale dei quadri societari e tecnici dell\u2019Acr Messina, che parteciper\u00e0 al prossimo campionato di serie C. All\u2019evento hanno preso parte il Vicepresidente dell\u2019Acr Matteo Sciotto, il direttore generale Raffaele Manfredi [&hellip;]<\/p>\n","protected":false},"author":8,"featured_media":119920,"comment_status":"open","ping_status":"open","sticky":false,"template":"","format":"standard","meta":{"ub_ctt_via":"","_mi_skip_tracking":false},"categories":[10],"tags":[],"featured_image_src":"https:\/\/www.messinaoggi.it\/website\/wp-content\/uploads\/2022\/09\/Presentazione-Acr-Frassica.jpg","author_info":{"display_name":"red..me","author_link":"https:\/\/www.messinaoggi.it\/website\/author\/redstage\/"},"digistream_id":0,"digistream":false,"_links":{"self":[{"href":"https:\/\/www.messinaoggi.it\/website\/wp-json\/wp\/v2\/posts\/119918"}],"collection":[{"href":"https:\/\/www.messinaoggi.it\/website\/wp-json\/wp\/v2\/posts"}],"about":[{"href":"https:\/\/www.messinaoggi.it\/website\/wp-json\/wp\/v2\/types\/post"}],"author":[{"embeddable":true,"href":"https:\/\/www.messinaoggi.it\/website\/wp-json\/wp\/v2\/users\/8"}],"replies":[{"embeddable":true,"href":"https:\/\/www.messinaoggi.it\/website\/wp-json\/wp\/v2\/comments?post=119918"}],"version-history":[{"count":1,"href":"https:\/\/www.messinaoggi.it\/website\/wp-json\/wp\/v2\/posts\/119918\/revisions"}],"predecessor-version":[{"id":119921,"href":"https:\/\/www.messinaoggi.it\/website\/wp-json\/wp\/v2\/posts\/119918\/revisions\/119921"}],"wp:featuredmedia":[{"embeddable":true,"href":"https:\/\/www.messinaoggi.it\/website\/wp-json\/wp\/v2\/media\/119920"}],"wp:attachment":[{"href":"https:\/\/www.messinaoggi.it\/website\/wp-json\/wp\/v2\/media?parent=119918"}],"wp:term":[{"taxonomy":"category","embeddable":true,"href":"https:\/\/www.messinaoggi.it\/website\/wp-json\/wp\/v2\/categories?post=119918"},{"taxonomy":"post_tag","embeddable":true,"href":"https:\/\/www.messinaoggi.it\/website\/wp-json\/wp\/v2\/tags?post=119918"}],"curies":[{"name":"wp","href":"https:\/\/api.w.org\/{rel}","templated":true}]}}