{"id":119914,"date":"2022-09-01T16:07:53","date_gmt":"2022-09-01T14:07:53","guid":{"rendered":"https:\/\/www.messinaoggi.it\/website\/2022\/09\/01\/inflazione-granarolo-e-lactalis-serve-subito-un-intervento-pubblico\/"},"modified":"2022-09-01T16:07:53","modified_gmt":"2022-09-01T14:07:53","slug":"inflazione-granarolo-e-lactalis-serve-subito-un-intervento-pubblico","status":"publish","type":"post","link":"https:\/\/www.messinaoggi.it\/website\/2022\/09\/01\/inflazione-granarolo-e-lactalis-serve-subito-un-intervento-pubblico\/","title":{"rendered":"Inflazione, Granarolo e Lactalis: \u201cServe subito un intervento pubblico\u201d"},"content":{"rendered":"<div>ROMA (ITALPRESS) &#8211; Il Gruppo Granarolo e il Gruppo Lactalis in Italia, superano i consueti antagonismi di mercato e, insieme, pongono all&#8217;attenzione del Governo &#8220;la forte preoccupazione per un&#8217;inflazione galoppante che da 12 mesi colpisce l&#8217;agroalimentare italiano e in particolare il settore lattiero caseario&#8221;. <br \/>&#8220;Occorre &#8211; si legge in una nota &#8211; un intervento pubblico che scongiuri conseguenze ancora pi\u00f9 disastrose per le migliaia di imprese che compongono la filiera. L&#8217;inflazione ha toccato in maniera importante, con numeri a doppia cifra, quasi tutte le voci di costo che compongono la filiera del latte: alimentazione animale (aggravata dalla siccit\u00e0 che riduce sia i raccolti degli agricoltori sia la produzione di latte) che ha reso necessario un aumento quasi del 50% del prezzo del latte riconosciuto agli allevatori, packaging (carta e plastica sono in aumento costante da mesi), ulteriori componenti di produzione impiegati nella produzione di latticini. Oggi, per\u00f2, la preoccupazione maggiore \u00e8 rappresentata dall&#8217;incremento dei costi energetici che nelle ultime settimane sono aumentati a tal punto da rendere difficile trasferirli sul mercato, in un momento economicamente complesso per le famiglie italiane&#8221;. <br \/>Nonostante entrambe le aziende abbiano assorbito autonomamente un&#8217;inflazione che oscilla tra il 25% e il 30%, dalla primavera il prezzo del latte per il consumatore \u00e8 cresciuto raggiungendo gli 1,75\/1,80 euro\/litro (dato Nielsen) e potrebbe aumentare ulteriormente entro dicembre 2022. <br \/>&#8220;Per quanto concerne le sole energie, se non avviene un&#8217;inversione di rotta, si tratta di una inflazione del 200% nel 2022 rispetto al 2021 e un rischio di oltre il 100% nel 2023 rispetto al 2022 &#8211; dichiara il Presidente di Granarolo Gianpiero Calzolari &#8211; E&#8217; insostenibile anche da parte di una grande azienda, dal momento che si protrae nel tempo e che se fosse scaricata tal quale sul mercato colpirebbe significativamente i nostri consumatori e avrebbe inevitabili conseguenze sui consumi, con ricadute negative su tutta la filiera&#8221;.<br \/>&#8220;L&#8217;aumento del costo energetico sulla nostra organizzazione ha generato un impatto devastante, che sarebbe stato anche maggiore se non fossimo intervenuti con delle coperture ad hoc. Parliamo di un +220% di spesa registrato nel 2022 rispetto al 2021, e una stima di un +90% nel 2023 rispetto al 2022 &#8211; afferma Giovanni Pomella, AD di Lactalis in Italia. Le imprese sono allo stremo, hanno gi\u00e0 fatto ben oltre le loro possibilit\u00e0 ed \u00e8 arrivato il tempo della responsabilit\u00e0 pubblica. In questo drammatico frangente, come imprenditori abbiamo messo da parte le rivalit\u00e0 di mercato e abbiamo unito il nostro appello al mondo politico per ribadire la necessit\u00e0 di intervenire responsabilmente a tutela dell&#8217;intera filiera e del consumatore&#8221;.<br \/>&#8220;Ad oggi l&#8217;inflazione ha portato a un aumento di listino del 23\/24% ma i costi energetici continuano a crescere in misura esponenziale. Chiediamo un provvedimento transitorio per contenere un aumento dell&#8217;inflazione scatenato prevalentemente da questioni geopolitiche e da evidenti fenomeni speculativi. Si rende necessario un intervento urgente del Governo&#8221;, chiedono all&#8217;unisono Gianpiero Calzolari, Presidente di Granarolo e Giovanni Pomella, AD di Lactalis Italia.<br \/>(ITALPRESS).<\/div>\n<div id=\"div-gpt-ad-Messinaoggi.it-DSK-300x250-corpoart\" style=\"text-align:center;margin:0 auto;\"><\/div><\/p><div id=\"videoincontent\" style=\"clear:both\";><\/div>","protected":false},"excerpt":{"rendered":"<p>ROMA (ITALPRESS) &#8211; Il Gruppo Granarolo e il Gruppo Lactalis in Italia, superano i consueti antagonismi di mercato e, insieme, pongono all&#8217;attenzione del Governo &#8220;la forte preoccupazione per un&#8217;inflazione galoppante che da 12 mesi colpisce l&#8217;agroalimentare italiano e in particolare il settore lattiero caseario&#8221;. &#8220;Occorre &#8211; si legge in una nota &#8211; un intervento pubblico [&hellip;]<\/p>\n","protected":false},"author":18,"featured_media":119915,"comment_status":"closed","ping_status":"closed","sticky":false,"template":"","format":"standard","meta":{"ub_ctt_via":"","_mi_skip_tracking":false},"categories":[446],"tags":[783],"featured_image_src":"https:\/\/www.messinaoggi.it\/website\/wp-content\/uploads\/2022\/09\/20220901_1245.jpg","author_info":{"display_name":"Admin","author_link":"https:\/\/www.messinaoggi.it\/website\/author\/admin\/"},"digistream_id":0,"digistream":false,"_links":{"self":[{"href":"https:\/\/www.messinaoggi.it\/website\/wp-json\/wp\/v2\/posts\/119914"}],"collection":[{"href":"https:\/\/www.messinaoggi.it\/website\/wp-json\/wp\/v2\/posts"}],"about":[{"href":"https:\/\/www.messinaoggi.it\/website\/wp-json\/wp\/v2\/types\/post"}],"author":[{"embeddable":true,"href":"https:\/\/www.messinaoggi.it\/website\/wp-json\/wp\/v2\/users\/18"}],"replies":[{"embeddable":true,"href":"https:\/\/www.messinaoggi.it\/website\/wp-json\/wp\/v2\/comments?post=119914"}],"version-history":[{"count":0,"href":"https:\/\/www.messinaoggi.it\/website\/wp-json\/wp\/v2\/posts\/119914\/revisions"}],"wp:featuredmedia":[{"embeddable":true,"href":"https:\/\/www.messinaoggi.it\/website\/wp-json\/wp\/v2\/media\/119915"}],"wp:attachment":[{"href":"https:\/\/www.messinaoggi.it\/website\/wp-json\/wp\/v2\/media?parent=119914"}],"wp:term":[{"taxonomy":"category","embeddable":true,"href":"https:\/\/www.messinaoggi.it\/website\/wp-json\/wp\/v2\/categories?post=119914"},{"taxonomy":"post_tag","embeddable":true,"href":"https:\/\/www.messinaoggi.it\/website\/wp-json\/wp\/v2\/tags?post=119914"}],"curies":[{"name":"wp","href":"https:\/\/api.w.org\/{rel}","templated":true}]}}