{"id":119894,"date":"2022-09-01T14:07:53","date_gmt":"2022-09-01T12:07:53","guid":{"rendered":"https:\/\/www.messinaoggi.it\/website\/2022\/09\/01\/immigrazione-calenda-si-allo-ius-scholae\/"},"modified":"2022-09-01T14:07:53","modified_gmt":"2022-09-01T12:07:53","slug":"immigrazione-calenda-si-allo-ius-scholae","status":"publish","type":"post","link":"https:\/\/www.messinaoggi.it\/website\/2022\/09\/01\/immigrazione-calenda-si-allo-ius-scholae\/","title":{"rendered":"Immigrazione, Calenda \u201cS\u00ec allo Ius Scholae\u201d"},"content":{"rendered":"<div>ROMA (ITALPRESS) &#8211; &#8220;Se c&#8217;\u00e8 una cosa su cui la politica italiana ha dato il peggio \u00e8 l&#8217;immigrazione mettendola sempre sul piano ideologico. La nostra linea \u00e8 molto semplice: i confini vanno presidiati, non si pu\u00f2 dare apertura a rotte incontrollate di immigrazione illegale anche perch\u00e8 muore pi\u00f9 gente in mare e pi\u00f9 gente va a finire nei lager libici, quindi bisogna lavorare con i Paesi di provenienza e transito. In secondo luogo bisogna integrare le persone che ci sono, \u00e8 per questo che proponiamo da un lato la possibilita di regolarizzazione per chi trova un lavoro regolare, dall&#8217;altro anche dei flussi di arrivo attraverso il meccanismo dello sponsor che c&#8217;era una volta, ancora chi si integra deve poter diventare cittadino e partecipare, fare corsi di italiano obbligatori e avere lo Ius scholae&#8221;. Cos\u00ec il leader di Azione, Carlo Calenda, in un video postato sui social. &#8220;Questo \u00e8 un modo serio per gestire l&#8217;immigrazione non con le balle di Salvini che non ha fermato i flussi, li ferm\u00f2 Minniti con politiche anche dure ma inevitabili &#8211; ha precisato &#8211; inoltre, non ha mandato via gli irregolari, anzi, lo ha fatto meno di Alfano. Tutto questo \u00e8 un dibattito fatto in modo ideologico che riduce cose complesse in slogan semplici&#8221;.<div id=\"div-gpt-ad-Messinaoggi.it-DSK-300x250-corpoart\" style=\"text-align:center;margin:0 auto;\"><\/div><\/p>\n<p>&#8211; foto Agenziafotogramma.it &#8211;<div id=\"videoincontent\" style=\"clear:both\";><\/div><\/p>\n<p>(ITALPRESS).<\/p><\/div>\n","protected":false},"excerpt":{"rendered":"<p>ROMA (ITALPRESS) &#8211; &#8220;Se c&#8217;\u00e8 una cosa su cui la politica italiana ha dato il peggio \u00e8 l&#8217;immigrazione mettendola sempre sul piano ideologico. La nostra linea \u00e8 molto semplice: i confini vanno presidiati, non si pu\u00f2 dare apertura a rotte incontrollate di immigrazione illegale anche perch\u00e8 muore pi\u00f9 gente in mare e pi\u00f9 gente va [&hellip;]<\/p>\n","protected":false},"author":18,"featured_media":119895,"comment_status":"closed","ping_status":"closed","sticky":false,"template":"","format":"standard","meta":{"ub_ctt_via":"","_mi_skip_tracking":false},"categories":[446],"tags":[783],"featured_image_src":"https:\/\/www.messinaoggi.it\/website\/wp-content\/uploads\/2022\/09\/20220901_0577.jpg","author_info":{"display_name":"Admin","author_link":"https:\/\/www.messinaoggi.it\/website\/author\/admin\/"},"digistream_id":0,"digistream":false,"_links":{"self":[{"href":"https:\/\/www.messinaoggi.it\/website\/wp-json\/wp\/v2\/posts\/119894"}],"collection":[{"href":"https:\/\/www.messinaoggi.it\/website\/wp-json\/wp\/v2\/posts"}],"about":[{"href":"https:\/\/www.messinaoggi.it\/website\/wp-json\/wp\/v2\/types\/post"}],"author":[{"embeddable":true,"href":"https:\/\/www.messinaoggi.it\/website\/wp-json\/wp\/v2\/users\/18"}],"replies":[{"embeddable":true,"href":"https:\/\/www.messinaoggi.it\/website\/wp-json\/wp\/v2\/comments?post=119894"}],"version-history":[{"count":0,"href":"https:\/\/www.messinaoggi.it\/website\/wp-json\/wp\/v2\/posts\/119894\/revisions"}],"wp:featuredmedia":[{"embeddable":true,"href":"https:\/\/www.messinaoggi.it\/website\/wp-json\/wp\/v2\/media\/119895"}],"wp:attachment":[{"href":"https:\/\/www.messinaoggi.it\/website\/wp-json\/wp\/v2\/media?parent=119894"}],"wp:term":[{"taxonomy":"category","embeddable":true,"href":"https:\/\/www.messinaoggi.it\/website\/wp-json\/wp\/v2\/categories?post=119894"},{"taxonomy":"post_tag","embeddable":true,"href":"https:\/\/www.messinaoggi.it\/website\/wp-json\/wp\/v2\/tags?post=119894"}],"curies":[{"name":"wp","href":"https:\/\/api.w.org\/{rel}","templated":true}]}}