{"id":119863,"date":"2022-09-01T11:02:51","date_gmt":"2022-09-01T09:02:51","guid":{"rendered":"https:\/\/www.messinaoggi.it\/website\/2022\/09\/01\/covid-in-sicilia-in-calo-i-contagi-e-le-ospedalizzazioni\/"},"modified":"2022-09-01T11:02:51","modified_gmt":"2022-09-01T09:02:51","slug":"covid-in-sicilia-in-calo-i-contagi-e-le-ospedalizzazioni","status":"publish","type":"post","link":"https:\/\/www.messinaoggi.it\/website\/2022\/09\/01\/covid-in-sicilia-in-calo-i-contagi-e-le-ospedalizzazioni\/","title":{"rendered":"Covid, in Sicilia in calo i contagi e le ospedalizzazioni"},"content":{"rendered":"<div>\n<p>PALERMO (ITALPRESS) \u2013 Nella settimana dal 22 al 28 agosto si registra un decremento dei nuovi casi con un\u2019incidenza pari a 10.747 (-7%) e un valore cumulativo di 224\/100.000 abitanti. Il tasso di nuovi positivi pi\u00f9 elevato rispetto alla media regionale si \u00e8 registrato nelle province di Messina (339\/100.000 abitanti), Siracusa (248\/100.000), Trapani (247\/100.000) e Agrigento (232\/100.000). Le fasce d\u2019et\u00e0 maggiormente a rischio risultano quelle tra i 70 e i 79 anni (297\/100.000 abitanti) e tra i 60 e i 69 anni (277\/100.000). Anche le nuove ospedalizzazioni sono in lieve diminuzione. E\u2019 quanto emerge dal bollettino settimanale Dasoe inviato dalla Regione Siciliana, in merito all\u2019epidemia Covid sul territorio regionale.<br \/>Per quanto riguarda la campagna vaccinale i dati fanno riferimento alla settimana dal 24 al 30 agosto. Nel target 5-11 anni i vaccinati con almeno una dose si attestano al 26,33%. Hanno completato il ciclo primario 69.812 bambini, pari al 22,75%. Gli over 12 anni vaccinati con almeno una dose si attestano al 90,72%, mentre la percentuale di quanti hanno completato il ciclo primario \u00e8 pari all\u201989,40%. I vaccinati con dose aggiuntiva\/booster (terza dose) sono 2.760.768 pari al 72,29% degli aventi diritto.<br \/>Dal primo marzo \u00e8 iniziata la somministrazione della dose di richiamo booster (quarta dose) nei soggetti over 12 con marcata compromissione della risposta immunitaria e che hanno gi\u00e0 completato il ciclo vaccinale primario con tre dosi da almeno 120 giorni. Dal 13 luglio la vaccinazione in quarta dose \u00e8 stata estesa agli over 60 anni e alle persone ad elevata fragilit\u00e0 over 12, purch\u00e8 sia trascorso un intervallo minimo di almeno 120 giorni dalla prima dose di richiamo o dall\u2019ultima infezione successiva al richiamo (data del test diagnostico positivo). Dal primo marzo sono state effettuate complessivamente 100.925 somministrazioni di quarta dose di cui 46.939 a soggetti over 80.<br \/>foto ufficio stampa Dasoe Regione siciliana<br \/>(ITALPRESS).<div id=\"div-gpt-ad-Messinaoggi.it-DSK-300x250-corpoart\" style=\"text-align:center;margin:0 auto;\"><\/div><\/p>\n<\/div>\n<div id=\"videoincontent\" style=\"clear:both\";><\/div>","protected":false},"excerpt":{"rendered":"<p>PALERMO (ITALPRESS) \u2013 Nella settimana dal 22 al 28 agosto si registra un decremento dei nuovi casi con un\u2019incidenza pari a 10.747 (-7%) e un valore cumulativo di 224\/100.000 abitanti. Il tasso di nuovi positivi pi\u00f9 elevato rispetto alla media regionale si \u00e8 registrato nelle province di Messina (339\/100.000 abitanti), Siracusa (248\/100.000), Trapani (247\/100.000) e [&hellip;]<\/p>\n","protected":false},"author":18,"featured_media":119864,"comment_status":"closed","ping_status":"closed","sticky":false,"template":"","format":"standard","meta":{"ub_ctt_via":"","_mi_skip_tracking":false},"categories":[2449],"tags":[783],"featured_image_src":"https:\/\/www.messinaoggi.it\/website\/wp-content\/uploads\/2022\/09\/20220901_0231.jpg","author_info":{"display_name":"Admin","author_link":"https:\/\/www.messinaoggi.it\/website\/author\/admin\/"},"digistream_id":0,"digistream":false,"_links":{"self":[{"href":"https:\/\/www.messinaoggi.it\/website\/wp-json\/wp\/v2\/posts\/119863"}],"collection":[{"href":"https:\/\/www.messinaoggi.it\/website\/wp-json\/wp\/v2\/posts"}],"about":[{"href":"https:\/\/www.messinaoggi.it\/website\/wp-json\/wp\/v2\/types\/post"}],"author":[{"embeddable":true,"href":"https:\/\/www.messinaoggi.it\/website\/wp-json\/wp\/v2\/users\/18"}],"replies":[{"embeddable":true,"href":"https:\/\/www.messinaoggi.it\/website\/wp-json\/wp\/v2\/comments?post=119863"}],"version-history":[{"count":0,"href":"https:\/\/www.messinaoggi.it\/website\/wp-json\/wp\/v2\/posts\/119863\/revisions"}],"wp:featuredmedia":[{"embeddable":true,"href":"https:\/\/www.messinaoggi.it\/website\/wp-json\/wp\/v2\/media\/119864"}],"wp:attachment":[{"href":"https:\/\/www.messinaoggi.it\/website\/wp-json\/wp\/v2\/media?parent=119863"}],"wp:term":[{"taxonomy":"category","embeddable":true,"href":"https:\/\/www.messinaoggi.it\/website\/wp-json\/wp\/v2\/categories?post=119863"},{"taxonomy":"post_tag","embeddable":true,"href":"https:\/\/www.messinaoggi.it\/website\/wp-json\/wp\/v2\/tags?post=119863"}],"curies":[{"name":"wp","href":"https:\/\/api.w.org\/{rel}","templated":true}]}}