{"id":119854,"date":"2022-09-01T10:07:55","date_gmt":"2022-09-01T08:07:55","guid":{"rendered":"https:\/\/www.messinaoggi.it\/website\/2022\/09\/01\/berlusconi-la-nostra-flat-tax-e-facile-da-pagare-difficile-da-evadere\/"},"modified":"2022-09-01T10:07:55","modified_gmt":"2022-09-01T08:07:55","slug":"berlusconi-la-nostra-flat-tax-e-facile-da-pagare-difficile-da-evadere","status":"publish","type":"post","link":"https:\/\/www.messinaoggi.it\/website\/2022\/09\/01\/berlusconi-la-nostra-flat-tax-e-facile-da-pagare-difficile-da-evadere\/","title":{"rendered":"Berlusconi \u201cLa nostra flat-tax \u00e8 facile da pagare, difficile da evadere\u201d"},"content":{"rendered":"<div>MONZA (ITALPRESS) &#8211; &#8220;Le tante piccole e medie imprese della Brianza, come di tante altre parti d&#8217;Italia, sono soffocate dalla pressione fiscale, ma anche da tanti altri problemi. Fra tutti questi temi, per\u00f2, il fisco viene per primo, perch\u00e8 la nostra rivoluzione fiscale cambier\u00e0 davvero in modo radicale il rapporto fra stato e cittadino. La nostra flat-tax, con una sola aliquota al 23% per tutti, e con l&#8217;esenzione dei primi 13.000 euro di reddito, \u00e8 una tassa non solo leggera, ma equa, facile da pagare e difficile da evadere. Un sistema di tassazione che lascia pi\u00f9 denaro ai cittadini, soprattutto ai redditi medi, e alle imprese, che quindi aumenta i consumi e l&#8217;occupazione, che riduce la povert\u00e0 e che fa bene anche ai conti dello stato. Ha funzionato in 57 paesi nel mondo, funzioner\u00e0 anche da noi&#8221;. E&#8217; quanto afferma Silvio Berlusconi in una intervista al Cittadino di Monza e Brianza.<br \/>Alto cavallo di battaglia del presidente di Forza Italia \u00e8 l&#8217;aumento delle pensioni minime: &#8220;Aumentarle ad anziani e disabili \u00e8 un dovere etico. Qualcuno davvero pensa che sia possibile vivere dignitosamente con meno di 1000 euro al mese? Il rispetto per la persona \u00e8 per noi un valore essenziale, e quindi rispettare i pi\u00f9 deboli \u00e8 il primo dovere etico per lo Stato. Naturalmente non siamo irresponsabili, io ho fatto per tanti anni l&#8217;imprenditore e so bene che i conti si fanno con le risorse che ci sono. Questo significa che procederemo con gradualit\u00e0, ovviamente. Ma lo ripeto, l&#8217;esperienza di tanti paesi dimostra che i tagli fiscali nel medio periodo aumentano e non diminuiscono il gettito per le casse dello stato. Negli Stati Uniti, con Regan, l&#8217;abbattimento delle tasse ha portato al raddoppio, in pochi anni, delle entrate dello Stato, questo si aggiungeranno una seria politica di contenimento delle spese superflue e una riduzione consistente dell&#8217;evasione fiscale, una riduzione dovuta alla semplicit\u00e0 del nuovo sistema impositivo&#8221; conclude Berlusconi.<div id=\"div-gpt-ad-Messinaoggi.it-DSK-300x250-corpoart\" style=\"text-align:center;margin:0 auto;\"><\/div><\/p>\n<p>foto: agenziafotogramma.it<div id=\"videoincontent\" style=\"clear:both\";><\/div><\/p>\n<p>(ITALPRESS).<\/p><\/div>\n","protected":false},"excerpt":{"rendered":"<p>MONZA (ITALPRESS) &#8211; &#8220;Le tante piccole e medie imprese della Brianza, come di tante altre parti d&#8217;Italia, sono soffocate dalla pressione fiscale, ma anche da tanti altri problemi. Fra tutti questi temi, per\u00f2, il fisco viene per primo, perch\u00e8 la nostra rivoluzione fiscale cambier\u00e0 davvero in modo radicale il rapporto fra stato e cittadino. La [&hellip;]<\/p>\n","protected":false},"author":18,"featured_media":119855,"comment_status":"closed","ping_status":"closed","sticky":false,"template":"","format":"standard","meta":{"ub_ctt_via":"","_mi_skip_tracking":false},"categories":[446],"tags":[783],"featured_image_src":"https:\/\/www.messinaoggi.it\/website\/wp-content\/uploads\/2022\/09\/20220901_0166.jpg","author_info":{"display_name":"Admin","author_link":"https:\/\/www.messinaoggi.it\/website\/author\/admin\/"},"digistream_id":0,"digistream":false,"_links":{"self":[{"href":"https:\/\/www.messinaoggi.it\/website\/wp-json\/wp\/v2\/posts\/119854"}],"collection":[{"href":"https:\/\/www.messinaoggi.it\/website\/wp-json\/wp\/v2\/posts"}],"about":[{"href":"https:\/\/www.messinaoggi.it\/website\/wp-json\/wp\/v2\/types\/post"}],"author":[{"embeddable":true,"href":"https:\/\/www.messinaoggi.it\/website\/wp-json\/wp\/v2\/users\/18"}],"replies":[{"embeddable":true,"href":"https:\/\/www.messinaoggi.it\/website\/wp-json\/wp\/v2\/comments?post=119854"}],"version-history":[{"count":0,"href":"https:\/\/www.messinaoggi.it\/website\/wp-json\/wp\/v2\/posts\/119854\/revisions"}],"wp:featuredmedia":[{"embeddable":true,"href":"https:\/\/www.messinaoggi.it\/website\/wp-json\/wp\/v2\/media\/119855"}],"wp:attachment":[{"href":"https:\/\/www.messinaoggi.it\/website\/wp-json\/wp\/v2\/media?parent=119854"}],"wp:term":[{"taxonomy":"category","embeddable":true,"href":"https:\/\/www.messinaoggi.it\/website\/wp-json\/wp\/v2\/categories?post=119854"},{"taxonomy":"post_tag","embeddable":true,"href":"https:\/\/www.messinaoggi.it\/website\/wp-json\/wp\/v2\/tags?post=119854"}],"curies":[{"name":"wp","href":"https:\/\/api.w.org\/{rel}","templated":true}]}}