{"id":119829,"date":"2022-09-01T00:10:00","date_gmt":"2022-08-31T22:10:00","guid":{"rendered":"https:\/\/www.messinaoggi.it\/website\/2022\/08\/31\/di-maio-se-vince-centrodestra-niente-redistribuzioni-migranti-in-ue\/"},"modified":"2022-09-01T09:40:38","modified_gmt":"2022-09-01T07:40:38","slug":"di-maio-se-vince-centrodestra-niente-redistribuzioni-migranti-in-ue","status":"publish","type":"post","link":"https:\/\/www.messinaoggi.it\/website\/2022\/09\/01\/di-maio-se-vince-centrodestra-niente-redistribuzioni-migranti-in-ue\/","title":{"rendered":"Di Maio \u201cSe vince Centrodestra niente redistribuzioni migranti in Ue\u201d"},"content":{"rendered":"<div>ROMA (ITALPRESS) &#8211; &#8220;Il tema delle politiche migratorie rester\u00e0 cruciale: attualmente &#8220;i migranti che arrivano in Italia vanno redistribuiti nel resto d&#8217;Europa. Se dovessero vincere Salvini e Meloni non sar\u00e0 pi\u00f9 cos\u00ec, perch\u00e8 Orban e gli alleati della Meloni non vogliono le redistribuzioni. Questo significa che se arrivano i migranti, ce li dobbiamo tenere&#8221;. Lo ha detto il ministro degli Esteri e leader di Impegno Civico, Luigi Di Maio, a &#8220;La corsa al voto&#8221; su La7. Il blocco navale d&#8217;accordo con i Paesi di provenienza? &#8220;Ma di cosa stiamo parlando? Alcuni di questi Paesi non hanno neanche un governo riconosciuto e sono instabili&#8221;, risponde. E sulle ong: &#8220;Svolgono un ruolo fondamentale, poi se ci sono delle irregolarit\u00e0 vanno perseguite. <div id=\"div-gpt-ad-Messinaoggi.it-DSK-300x250-corpoart\" style=\"text-align:center;margin:0 auto;\"><\/div><\/p>\n<p>&#8211; foto: agenziafotogramma.it <div id=\"videoincontent\" style=\"clear:both\";><\/div><\/p>\n<p>(ITALPRESS).<\/p><\/div>\n","protected":false},"excerpt":{"rendered":"<p>ROMA (ITALPRESS) &#8211; &#8220;Il tema delle politiche migratorie rester\u00e0 cruciale: attualmente &#8220;i migranti che arrivano in Italia vanno redistribuiti nel resto d&#8217;Europa. Se dovessero vincere Salvini e Meloni non sar\u00e0 pi\u00f9 cos\u00ec, perch\u00e8 Orban e gli alleati della Meloni non vogliono le redistribuzioni. Questo significa che se arrivano i migranti, ce li dobbiamo tenere&#8221;. Lo [&hellip;]<\/p>\n","protected":false},"author":18,"featured_media":119830,"comment_status":"closed","ping_status":"closed","sticky":false,"template":"","format":"standard","meta":{"ub_ctt_via":"","_mi_skip_tracking":false},"categories":[446,4],"tags":[783],"featured_image_src":"https:\/\/www.messinaoggi.it\/website\/wp-content\/uploads\/2022\/08\/20220831_2212.jpg","author_info":{"display_name":"Admin","author_link":"https:\/\/www.messinaoggi.it\/website\/author\/admin\/"},"digistream_id":0,"digistream":false,"_links":{"self":[{"href":"https:\/\/www.messinaoggi.it\/website\/wp-json\/wp\/v2\/posts\/119829"}],"collection":[{"href":"https:\/\/www.messinaoggi.it\/website\/wp-json\/wp\/v2\/posts"}],"about":[{"href":"https:\/\/www.messinaoggi.it\/website\/wp-json\/wp\/v2\/types\/post"}],"author":[{"embeddable":true,"href":"https:\/\/www.messinaoggi.it\/website\/wp-json\/wp\/v2\/users\/18"}],"replies":[{"embeddable":true,"href":"https:\/\/www.messinaoggi.it\/website\/wp-json\/wp\/v2\/comments?post=119829"}],"version-history":[{"count":1,"href":"https:\/\/www.messinaoggi.it\/website\/wp-json\/wp\/v2\/posts\/119829\/revisions"}],"predecessor-version":[{"id":119846,"href":"https:\/\/www.messinaoggi.it\/website\/wp-json\/wp\/v2\/posts\/119829\/revisions\/119846"}],"wp:featuredmedia":[{"embeddable":true,"href":"https:\/\/www.messinaoggi.it\/website\/wp-json\/wp\/v2\/media\/119830"}],"wp:attachment":[{"href":"https:\/\/www.messinaoggi.it\/website\/wp-json\/wp\/v2\/media?parent=119829"}],"wp:term":[{"taxonomy":"category","embeddable":true,"href":"https:\/\/www.messinaoggi.it\/website\/wp-json\/wp\/v2\/categories?post=119829"},{"taxonomy":"post_tag","embeddable":true,"href":"https:\/\/www.messinaoggi.it\/website\/wp-json\/wp\/v2\/tags?post=119829"}],"curies":[{"name":"wp","href":"https:\/\/api.w.org\/{rel}","templated":true}]}}