{"id":119827,"date":"2022-08-31T23:09:25","date_gmt":"2022-08-31T21:09:25","guid":{"rendered":"https:\/\/www.messinaoggi.it\/website\/2022\/08\/31\/calenda-sganciare-prezzo-del-gas-e-10-miliardi-per-taglio-bollette\/"},"modified":"2022-08-31T23:09:25","modified_gmt":"2022-08-31T21:09:25","slug":"calenda-sganciare-prezzo-del-gas-e-10-miliardi-per-taglio-bollette","status":"publish","type":"post","link":"https:\/\/www.messinaoggi.it\/website\/2022\/08\/31\/calenda-sganciare-prezzo-del-gas-e-10-miliardi-per-taglio-bollette\/","title":{"rendered":"Calenda \u201cSganciare prezzo del gas e 10 miliardi per taglio bollette\u201d"},"content":{"rendered":"<div>ROMA (ITALPRESS) &#8211; &#8220;La prima cosa da fare \u00e8 sganciare&#8221; il prezzo del gas &#8220;dalle altre forme di energia, poi servono 10 miliardi per un ulteriore taglio&#8221; delle bollette &#8220;a commercianti, artigiani e imprese&#8221;. Lo ha detto il leader di Azione, Carlo Calenda, a &#8220;Controcorrente&#8221; su Rete4. &#8220;Da settembre a marzo &#8211; i mesi in cui ne abbiamo pi\u00f9 bisogno &#8211; abbiamo poco gas. Draghi ha fatto un buon lavoro per sostituire la Russia&#8221;, ma &#8220;ci manca circa il 10% di quello che consumiamo: per questo fare la nave di rigassificazione a Piombino \u00e8 fondamentale&#8221;, spiega. La legge sugli extraprofitti \u00e8 scritta male? &#8220;E&#8217; la prima volta che si scrive una legge del genere. Si poteva fare meglio? Probabilmente s\u00ec&#8221;.<div id=\"div-gpt-ad-Messinaoggi.it-DSK-300x250-corpoart\" style=\"text-align:center;margin:0 auto;\"><\/div><\/p>\n<p> &#8211; foto: agenziafotogramma.it <div id=\"videoincontent\" style=\"clear:both\";><\/div><\/p>\n<p>(ITALPRESS).<\/p><\/div>\n","protected":false},"excerpt":{"rendered":"<p>ROMA (ITALPRESS) &#8211; &#8220;La prima cosa da fare \u00e8 sganciare&#8221; il prezzo del gas &#8220;dalle altre forme di energia, poi servono 10 miliardi per un ulteriore taglio&#8221; delle bollette &#8220;a commercianti, artigiani e imprese&#8221;. Lo ha detto il leader di Azione, Carlo Calenda, a &#8220;Controcorrente&#8221; su Rete4. &#8220;Da settembre a marzo &#8211; i mesi in [&hellip;]<\/p>\n","protected":false},"author":18,"featured_media":119828,"comment_status":"closed","ping_status":"closed","sticky":false,"template":"","format":"standard","meta":{"ub_ctt_via":"","_mi_skip_tracking":false},"categories":[446],"tags":[783],"featured_image_src":"https:\/\/www.messinaoggi.it\/website\/wp-content\/uploads\/2022\/08\/20220831_2186.jpg","author_info":{"display_name":"Admin","author_link":"https:\/\/www.messinaoggi.it\/website\/author\/admin\/"},"digistream_id":0,"digistream":false,"_links":{"self":[{"href":"https:\/\/www.messinaoggi.it\/website\/wp-json\/wp\/v2\/posts\/119827"}],"collection":[{"href":"https:\/\/www.messinaoggi.it\/website\/wp-json\/wp\/v2\/posts"}],"about":[{"href":"https:\/\/www.messinaoggi.it\/website\/wp-json\/wp\/v2\/types\/post"}],"author":[{"embeddable":true,"href":"https:\/\/www.messinaoggi.it\/website\/wp-json\/wp\/v2\/users\/18"}],"replies":[{"embeddable":true,"href":"https:\/\/www.messinaoggi.it\/website\/wp-json\/wp\/v2\/comments?post=119827"}],"version-history":[{"count":0,"href":"https:\/\/www.messinaoggi.it\/website\/wp-json\/wp\/v2\/posts\/119827\/revisions"}],"wp:featuredmedia":[{"embeddable":true,"href":"https:\/\/www.messinaoggi.it\/website\/wp-json\/wp\/v2\/media\/119828"}],"wp:attachment":[{"href":"https:\/\/www.messinaoggi.it\/website\/wp-json\/wp\/v2\/media?parent=119827"}],"wp:term":[{"taxonomy":"category","embeddable":true,"href":"https:\/\/www.messinaoggi.it\/website\/wp-json\/wp\/v2\/categories?post=119827"},{"taxonomy":"post_tag","embeddable":true,"href":"https:\/\/www.messinaoggi.it\/website\/wp-json\/wp\/v2\/tags?post=119827"}],"curies":[{"name":"wp","href":"https:\/\/api.w.org\/{rel}","templated":true}]}}