{"id":119813,"date":"2022-08-31T21:44:30","date_gmt":"2022-08-31T19:44:30","guid":{"rendered":"http:\/\/www.messinaoggi.it\/website\/?p=119813"},"modified":"2022-08-31T22:51:29","modified_gmt":"2022-08-31T20:51:29","slug":"scontro-sulla1-muore-56enne","status":"publish","type":"post","link":"https:\/\/www.messinaoggi.it\/website\/2022\/08\/31\/scontro-sulla1-muore-56enne\/","title":{"rendered":"Scontro sull&#8217;A1, muore 56enne"},"content":{"rendered":"\n<p>Stava rientrando in Germania dopo aver trascorso le vacanze in Sicilia, ma un incidente sull&#8217;A1 gli \u00e8 costato la vita. \u00c8 morto cos\u00ec Michele Lorefice, 56 anni, originario di Santa Teresa di Riva. Per cause da chiarire l\u2019uomo si \u00e8 scontrato con la sua auto contro un camion che procedeva nella sua stessa direzione di marcia.<div id=\"div-gpt-ad-Messinaoggi.it-DSK-300x250-corpoart\" style=\"text-align:center;margin:0 auto;\"><\/div><\/p>\n\n\n\n<p>Il drammatico incidente nel quale \u00e8 rimasto ferito anche l\u2019autista del Tir, si \u00e8 verificato all\u2019altezza del km 599 dell\u2019Autostrada del Sole, in direzione di Roma tra i caselli di Anagni e Colleferro. Sul posto si sono portati i soccorsi sanitari e meccanici, i vigili del fuoco e la polizia stradale.<div id=\"videoincontent\" style=\"clear:both\";><\/div><\/p>\n","protected":false},"excerpt":{"rendered":"<p>Stava rientrando in Germania dopo aver trascorso le vacanze in Sicilia, ma un incidente sull&#8217;A1 gli \u00e8 costato la vita. \u00c8 morto cos\u00ec Michele Lorefice, 56 anni, originario di Santa Teresa di Riva. Per cause da chiarire l\u2019uomo si \u00e8 scontrato con la sua auto contro un camion che procedeva nella sua stessa direzione di [&hellip;]<\/p>\n","protected":false},"author":4,"featured_media":113517,"comment_status":"open","ping_status":"open","sticky":false,"template":"","format":"standard","meta":{"ub_ctt_via":"","_mi_skip_tracking":false},"categories":[19],"tags":[74],"featured_image_src":"https:\/\/www.messinaoggi.it\/website\/wp-content\/uploads\/2022\/07\/IMG_3100-e1657124039572.jpg","author_info":{"display_name":"redme","author_link":"https:\/\/www.messinaoggi.it\/website\/author\/redme\/"},"digistream_id":0,"digistream":false,"_links":{"self":[{"href":"https:\/\/www.messinaoggi.it\/website\/wp-json\/wp\/v2\/posts\/119813"}],"collection":[{"href":"https:\/\/www.messinaoggi.it\/website\/wp-json\/wp\/v2\/posts"}],"about":[{"href":"https:\/\/www.messinaoggi.it\/website\/wp-json\/wp\/v2\/types\/post"}],"author":[{"embeddable":true,"href":"https:\/\/www.messinaoggi.it\/website\/wp-json\/wp\/v2\/users\/4"}],"replies":[{"embeddable":true,"href":"https:\/\/www.messinaoggi.it\/website\/wp-json\/wp\/v2\/comments?post=119813"}],"version-history":[{"count":2,"href":"https:\/\/www.messinaoggi.it\/website\/wp-json\/wp\/v2\/posts\/119813\/revisions"}],"predecessor-version":[{"id":119826,"href":"https:\/\/www.messinaoggi.it\/website\/wp-json\/wp\/v2\/posts\/119813\/revisions\/119826"}],"wp:featuredmedia":[{"embeddable":true,"href":"https:\/\/www.messinaoggi.it\/website\/wp-json\/wp\/v2\/media\/113517"}],"wp:attachment":[{"href":"https:\/\/www.messinaoggi.it\/website\/wp-json\/wp\/v2\/media?parent=119813"}],"wp:term":[{"taxonomy":"category","embeddable":true,"href":"https:\/\/www.messinaoggi.it\/website\/wp-json\/wp\/v2\/categories?post=119813"},{"taxonomy":"post_tag","embeddable":true,"href":"https:\/\/www.messinaoggi.it\/website\/wp-json\/wp\/v2\/tags?post=119813"}],"curies":[{"name":"wp","href":"https:\/\/api.w.org\/{rel}","templated":true}]}}