{"id":119806,"date":"2022-08-31T21:07:52","date_gmt":"2022-08-31T19:07:52","guid":{"rendered":"https:\/\/www.messinaoggi.it\/website\/2022\/08\/31\/empoli-verona-1-1-kallon-risponde-a-baldanzi\/"},"modified":"2022-08-31T21:07:52","modified_gmt":"2022-08-31T19:07:52","slug":"empoli-verona-1-1-kallon-risponde-a-baldanzi","status":"publish","type":"post","link":"https:\/\/www.messinaoggi.it\/website\/2022\/08\/31\/empoli-verona-1-1-kallon-risponde-a-baldanzi\/","title":{"rendered":"Empoli-Verona 1-1, Kallon risponde a Baldanzi"},"content":{"rendered":"<div>EMPOLI (ITALPRESS) &#8211; Discorso vittoria rimandato, ancora una volta. Il match tra Empoli e Verona termina 1-1 coi gol di Baldanzi nel primo tempo e di Kallon nella ripresa. Toscani a quota 3 (tre pareggi); veneti a due punti. Buon primo tempo da parte della compagine di Zanetti, la risposta della squadra di Cioffi \u00e8 arrivata nella ripresa, soprattutto con i cambi che hanno coinvolto Kallon e Doig, entrambi infatti sono entrati nell&#8217;azione della rete del pari. I segnali positivi da parte dell&#8217;Empoli si sono palesati gi\u00e0 dopo due minuti di gioco, con il colpo di testa di Ismajli terminato fuori per questione di centimetri. Lo stesso Lammers ha provato a sbloccare il match con una conclusione da posizione defilata, l&#8217;ex Atalanta per\u00f2 non \u00e8 riuscito ad impensierire Montip\u00f2. A met\u00e0 della prima frazione \u00e8 salito in cattedra Tommaso Baldanzi, centrocampista classe 2003: prima la conclusione uscita di poco, poi la fiondata del gol del momentaneo vantaggio col mancino. La prova del numero 35 \u00e8 durata poco: al 38&#8242; il calciatore azzurro \u00e8 stato costretto ad abbandonare il campo per via di un problema fisico. La reazione che si aspettava mister Cioffi \u00e8 arrivata immediatamente nella ripresa, con due occasioni non sfruttate da Lasagna. Col passare dei minuti la gara si \u00e8 per\u00f2 incattivita, con parecchi scontri in mezzo al campo e due ammonizioni nel giro di pochi minuti a discapito degli ospiti. Gli scaligeri hanno per\u00f2 ripreso la partita coi cambi: al 24&#8242; del secondo tempo Kallon si \u00e8 girato in un fazzoletto superando sul palo lontano Vicario. Nel finale la gara si innervosita ancor di pi\u00f9, soprattutto dopo uno scontro tra Henderson e Miguel Veloso risolto dal direttore di gara. Un punto a testa per le due squadre: nel prossimo turno i toscani sfideranno la Salernitana mentre i giallobl\u00f9 saranno impegnati al &#8220;Bentegodi&#8221; contro la Sampdoria.<br \/>&#8211; foto LivePhotoSport &#8211;<br \/>(ITALPRESS).<\/div>\n<div id=\"div-gpt-ad-Messinaoggi.it-DSK-300x250-corpoart\" style=\"text-align:center;margin:0 auto;\"><\/div><\/p><div id=\"videoincontent\" style=\"clear:both\";><\/div>","protected":false},"excerpt":{"rendered":"<p>EMPOLI (ITALPRESS) &#8211; Discorso vittoria rimandato, ancora una volta. Il match tra Empoli e Verona termina 1-1 coi gol di Baldanzi nel primo tempo e di Kallon nella ripresa. Toscani a quota 3 (tre pareggi); veneti a due punti. Buon primo tempo da parte della compagine di Zanetti, la risposta della squadra di Cioffi \u00e8 [&hellip;]<\/p>\n","protected":false},"author":18,"featured_media":119807,"comment_status":"closed","ping_status":"closed","sticky":false,"template":"","format":"standard","meta":{"ub_ctt_via":"","_mi_skip_tracking":false},"categories":[446],"tags":[783],"featured_image_src":"https:\/\/www.messinaoggi.it\/website\/wp-content\/uploads\/2022\/08\/20220831_2055.jpg","author_info":{"display_name":"Admin","author_link":"https:\/\/www.messinaoggi.it\/website\/author\/admin\/"},"digistream_id":0,"digistream":false,"_links":{"self":[{"href":"https:\/\/www.messinaoggi.it\/website\/wp-json\/wp\/v2\/posts\/119806"}],"collection":[{"href":"https:\/\/www.messinaoggi.it\/website\/wp-json\/wp\/v2\/posts"}],"about":[{"href":"https:\/\/www.messinaoggi.it\/website\/wp-json\/wp\/v2\/types\/post"}],"author":[{"embeddable":true,"href":"https:\/\/www.messinaoggi.it\/website\/wp-json\/wp\/v2\/users\/18"}],"replies":[{"embeddable":true,"href":"https:\/\/www.messinaoggi.it\/website\/wp-json\/wp\/v2\/comments?post=119806"}],"version-history":[{"count":0,"href":"https:\/\/www.messinaoggi.it\/website\/wp-json\/wp\/v2\/posts\/119806\/revisions"}],"wp:featuredmedia":[{"embeddable":true,"href":"https:\/\/www.messinaoggi.it\/website\/wp-json\/wp\/v2\/media\/119807"}],"wp:attachment":[{"href":"https:\/\/www.messinaoggi.it\/website\/wp-json\/wp\/v2\/media?parent=119806"}],"wp:term":[{"taxonomy":"category","embeddable":true,"href":"https:\/\/www.messinaoggi.it\/website\/wp-json\/wp\/v2\/categories?post=119806"},{"taxonomy":"post_tag","embeddable":true,"href":"https:\/\/www.messinaoggi.it\/website\/wp-json\/wp\/v2\/tags?post=119806"}],"curies":[{"name":"wp","href":"https:\/\/api.w.org\/{rel}","templated":true}]}}