{"id":119804,"date":"2022-08-31T20:47:55","date_gmt":"2022-08-31T18:47:55","guid":{"rendered":"https:\/\/www.messinaoggi.it\/website\/2022\/08\/31\/regionali-sicilia-si-surriscalda-il-clima-botta-e-risposta-tra-cracolici-e-calderone-su-schifani\/"},"modified":"2022-08-31T20:47:55","modified_gmt":"2022-08-31T18:47:55","slug":"regionali-sicilia-si-surriscalda-il-clima-botta-e-risposta-tra-cracolici-e-calderone-su-schifani","status":"publish","type":"post","link":"https:\/\/www.messinaoggi.it\/website\/2022\/08\/31\/regionali-sicilia-si-surriscalda-il-clima-botta-e-risposta-tra-cracolici-e-calderone-su-schifani\/","title":{"rendered":"Regionali Sicilia, si surriscalda il clima. Botta e risposta tra Cracolici e Calderone su Schifani"},"content":{"rendered":"<div>\n<p>PALERMO (ITALPRESS) \u2013 Si surriscalda il clima della campagna elettorale in vista delle elezioni Regionali in Sicilia, del prossimo 25 settembre. \u00c8 di queste ore il botta e risposta tra Antonello Cracolici, parlamentare regionale del Pd e Tommaso Calderone capogruppo di Forza Italia all\u2019Ars. \u201cCon Schifani la Sicilia rischia di rivivere lo stesso incubo che ha vissuto con Cuffaro tra la sua ricandidatura del 2006 e la decadenza nel 2008 \u2013 ha detto Cracolici durante un\u2019iniziativa elettorale riferendosi alla candidatura alla presidenza della Regione Siciliana di Renato Schifani, coinvolto nel processo Montante. \u201cCos\u00ec come Cuffaro \u2013 aggiunge il parlamentare Dem \u2013 quando si \u00e8 ricandidato nel 2006, anche Schifani \u00e8 imputato in un delicato processo. Al di l\u00e0 di una sua eventuale condanna, che non gli auguro, la Sicilia non pu\u00f2 permettersi di avere un presidente che vive in un limbo giudiziario, in attesa di una sentenza dalla quale potrebbe dipendere la sua permanenza in carica e quella dell\u2019intero parlamento siciliano\u201d. Per Calderone le dichiarazioni di Cracolici sono quelle di chi non ha alcunch\u00e8 da perdere. \u201cCracolici non avendo nulla a cui aggrapparsi \u2013 replica il capogruppo azzurro a Palazzo dei Normanni \u2013 fa dichiarazioni tipiche di chi non ha nulla da perdere. Nell\u2019attuale processo Montante a nessuno degli imputati viene contestato il reato di mafia e men che meno al presidente Schifani per cui l\u2019accostamento alla vicenda Cuffaro \u00e8 dolosamente pretestuoso. Cracolici si occupi di trovare i voti per se stesso e non inventarsi palesi bugie con l\u2019obiettivo di adottare la tecnica del mascariamento\u201d.<br \/>\n(ITALPRESS).<div id=\"div-gpt-ad-Messinaoggi.it-DSK-300x250-corpoart\" style=\"text-align:center;margin:0 auto;\"><\/div><\/p>\n<p>\u2013 foto Uffici Stampa Pd e Fi Ars \u2013<div id=\"videoincontent\" style=\"clear:both\";><\/div><\/p>\n<\/div>\n","protected":false},"excerpt":{"rendered":"<p>PALERMO (ITALPRESS) \u2013 Si surriscalda il clima della campagna elettorale in vista delle elezioni Regionali in Sicilia, del prossimo 25 settembre. \u00c8 di queste ore il botta e risposta tra Antonello Cracolici, parlamentare regionale del Pd e Tommaso Calderone capogruppo di Forza Italia all\u2019Ars. \u201cCon Schifani la Sicilia rischia di rivivere lo stesso incubo che [&hellip;]<\/p>\n","protected":false},"author":18,"featured_media":119805,"comment_status":"closed","ping_status":"closed","sticky":false,"template":"","format":"standard","meta":{"ub_ctt_via":"","_mi_skip_tracking":false},"categories":[2449],"tags":[783],"featured_image_src":"https:\/\/www.messinaoggi.it\/website\/wp-content\/uploads\/2022\/08\/Fotomontaggio.jpg","author_info":{"display_name":"Admin","author_link":"https:\/\/www.messinaoggi.it\/website\/author\/admin\/"},"digistream_id":0,"digistream":false,"_links":{"self":[{"href":"https:\/\/www.messinaoggi.it\/website\/wp-json\/wp\/v2\/posts\/119804"}],"collection":[{"href":"https:\/\/www.messinaoggi.it\/website\/wp-json\/wp\/v2\/posts"}],"about":[{"href":"https:\/\/www.messinaoggi.it\/website\/wp-json\/wp\/v2\/types\/post"}],"author":[{"embeddable":true,"href":"https:\/\/www.messinaoggi.it\/website\/wp-json\/wp\/v2\/users\/18"}],"replies":[{"embeddable":true,"href":"https:\/\/www.messinaoggi.it\/website\/wp-json\/wp\/v2\/comments?post=119804"}],"version-history":[{"count":0,"href":"https:\/\/www.messinaoggi.it\/website\/wp-json\/wp\/v2\/posts\/119804\/revisions"}],"wp:featuredmedia":[{"embeddable":true,"href":"https:\/\/www.messinaoggi.it\/website\/wp-json\/wp\/v2\/media\/119805"}],"wp:attachment":[{"href":"https:\/\/www.messinaoggi.it\/website\/wp-json\/wp\/v2\/media?parent=119804"}],"wp:term":[{"taxonomy":"category","embeddable":true,"href":"https:\/\/www.messinaoggi.it\/website\/wp-json\/wp\/v2\/categories?post=119804"},{"taxonomy":"post_tag","embeddable":true,"href":"https:\/\/www.messinaoggi.it\/website\/wp-json\/wp\/v2\/tags?post=119804"}],"curies":[{"name":"wp","href":"https:\/\/api.w.org\/{rel}","templated":true}]}}