{"id":119762,"date":"2022-08-31T18:07:50","date_gmt":"2022-08-31T16:07:50","guid":{"rendered":"https:\/\/www.messinaoggi.it\/website\/2022\/08\/31\/energia-meloni-scostamento-estrema-ratio-italia-gia-indebitata\/"},"modified":"2022-08-31T18:35:30","modified_gmt":"2022-08-31T16:35:30","slug":"energia-meloni-scostamento-estrema-ratio-italia-gia-indebitata","status":"publish","type":"post","link":"https:\/\/www.messinaoggi.it\/website\/2022\/08\/31\/energia-meloni-scostamento-estrema-ratio-italia-gia-indebitata\/","title":{"rendered":"Energia, Meloni \u201cScostamento estrema ratio. Italia gi\u00e0 indebitata\u201d"},"content":{"rendered":"<div>ROMA (ITALPRESS) &#8211; &#8220;Lo scostamento di bilancio ovvero un ulteriore debito per questa nazione \u00e8 l&#8217;estrema ratio&#8221;. Lo ha detto la leader di Fratelli d&#8217;Italia Giorgia Meloni in un comizio elettorale a Termoli, in provincia di Campobasso in Molise. &#8220;Siamo la nazione del mondo occidentale &#8211; ha aggiunto &#8211; che si \u00e8 gi\u00e0 indebitata di pi\u00f9 con i soldi del Pnrr. Ora abbiamo quelle risorse che in teoria sono destinate a fare altro prioritariamente perch\u00e8 per l&#8217;energia c&#8217;\u00e8 molto poco. Io dico che le priorit\u00e0 sono cambiate e che la prima cosa che dovremmo fare \u00e8 rivedere quelle priorit\u00e0 dei soldi per i quali gi\u00e0 ci siamo indebitati per concentrarci sulla priorit\u00e0 delle bollette&#8221; &#8220;Noi come Fdi &#8211; ha continuato &#8211; stiamo facendo alcune cose, ma \u00e8 chiaro lo Stato non pu\u00f2 guadagnare sulle spese delle bollette. Senza scostamenti eccessivi, si possono fare alcune cose come ad esempio tagliare tutti gli oneri eccedenti. E&#8217; una misura a costo zero. Poi, altra cosa e su cui sono disposta ad andare in Parlamento domani, \u00e8 dividere il costo dell&#8217;elettricit\u00e0 da quello del gas. Altra cosa che si pu\u00f2 fare a basso costo. Siamo disposti a votarla domani&#8221;.<br \/>(ITALPRESS). <div id=\"div-gpt-ad-Messinaoggi.it-DSK-300x250-corpoart\" style=\"text-align:center;margin:0 auto;\"><\/div><\/p>\n<p>&#8211; credit photo agenziafotogramma.it &#8211;<div id=\"videoincontent\" style=\"clear:both\";><\/div><\/p><\/div>\n","protected":false},"excerpt":{"rendered":"<p>ROMA (ITALPRESS) &#8211; &#8220;Lo scostamento di bilancio ovvero un ulteriore debito per questa nazione \u00e8 l&#8217;estrema ratio&#8221;. Lo ha detto la leader di Fratelli d&#8217;Italia Giorgia Meloni in un comizio elettorale a Termoli, in provincia di Campobasso in Molise. &#8220;Siamo la nazione del mondo occidentale &#8211; ha aggiunto &#8211; che si \u00e8 gi\u00e0 indebitata di [&hellip;]<\/p>\n","protected":false},"author":18,"featured_media":119763,"comment_status":"closed","ping_status":"closed","sticky":false,"template":"","format":"standard","meta":{"ub_ctt_via":"","_mi_skip_tracking":false},"categories":[446,6],"tags":[783],"featured_image_src":"https:\/\/www.messinaoggi.it\/website\/wp-content\/uploads\/2022\/08\/20220831_1697.jpg","author_info":{"display_name":"Admin","author_link":"https:\/\/www.messinaoggi.it\/website\/author\/admin\/"},"digistream_id":0,"digistream":false,"_links":{"self":[{"href":"https:\/\/www.messinaoggi.it\/website\/wp-json\/wp\/v2\/posts\/119762"}],"collection":[{"href":"https:\/\/www.messinaoggi.it\/website\/wp-json\/wp\/v2\/posts"}],"about":[{"href":"https:\/\/www.messinaoggi.it\/website\/wp-json\/wp\/v2\/types\/post"}],"author":[{"embeddable":true,"href":"https:\/\/www.messinaoggi.it\/website\/wp-json\/wp\/v2\/users\/18"}],"replies":[{"embeddable":true,"href":"https:\/\/www.messinaoggi.it\/website\/wp-json\/wp\/v2\/comments?post=119762"}],"version-history":[{"count":1,"href":"https:\/\/www.messinaoggi.it\/website\/wp-json\/wp\/v2\/posts\/119762\/revisions"}],"predecessor-version":[{"id":119771,"href":"https:\/\/www.messinaoggi.it\/website\/wp-json\/wp\/v2\/posts\/119762\/revisions\/119771"}],"wp:featuredmedia":[{"embeddable":true,"href":"https:\/\/www.messinaoggi.it\/website\/wp-json\/wp\/v2\/media\/119763"}],"wp:attachment":[{"href":"https:\/\/www.messinaoggi.it\/website\/wp-json\/wp\/v2\/media?parent=119762"}],"wp:term":[{"taxonomy":"category","embeddable":true,"href":"https:\/\/www.messinaoggi.it\/website\/wp-json\/wp\/v2\/categories?post=119762"},{"taxonomy":"post_tag","embeddable":true,"href":"https:\/\/www.messinaoggi.it\/website\/wp-json\/wp\/v2\/tags?post=119762"}],"curies":[{"name":"wp","href":"https:\/\/api.w.org\/{rel}","templated":true}]}}