{"id":119733,"date":"2022-08-31T13:47:55","date_gmt":"2022-08-31T11:47:55","guid":{"rendered":"https:\/\/www.messinaoggi.it\/website\/2022\/08\/31\/blitz-di-salvini-allhotspot-di-lampedusa-non-e-degno-di-un-paese-civile\/"},"modified":"2022-08-31T13:47:55","modified_gmt":"2022-08-31T11:47:55","slug":"blitz-di-salvini-allhotspot-di-lampedusa-non-e-degno-di-un-paese-civile","status":"publish","type":"post","link":"https:\/\/www.messinaoggi.it\/website\/2022\/08\/31\/blitz-di-salvini-allhotspot-di-lampedusa-non-e-degno-di-un-paese-civile\/","title":{"rendered":"Blitz di Salvini all\u2019hotspot di Lampedusa, \u201cNon \u00e8 degno di un Paese civile\u201d"},"content":{"rendered":"<div>\n<p>LAMPEDUSA (AGRIGENTO) (ITALPRESS) \u2013 \u201cChi ha diritto di essere accolto \u00e8 costretto a stare per terra, chi non ne ha diritto sbarca qui per la terza o quarta volta. E\u2019 un business. Qui dovrebbero esserci 350 persone e invece ce ne sono pi\u00f9 di 1.300, tutte ammassate\u201d. Cos\u00ec il leader della Lega, Matteo Salvini,  all\u2019ingresso dell\u2019hotspot di Lampedusa dove si \u00e8 recato in visita a sorpresa. <br \/>\u201cL\u2019immigrazione \u2013 aggiunge \u2013 \u00e8 un fenomeno che pu\u00f2 essere controllato, noi abbiamo dimostrato che contrastare il traffico di esseri umani \u00e8 possibile, basta introdurre i decreti sicurezza\u201d. \u201cQuesta \u2013 sottolinea Salvini \u2013 non \u00e8 accoglienza, non \u00e8 solidariet\u00e0, nonostante lo sforzo di poliziotti, carabinieri, finanzieri, associazioni. E\u2019 una roba indegna di un Paese civile. Quei bimbi non dovrebbero essere l\u00ec per terra\u201d. <br \/>\u201cReintrodurre i decreti sicurezza, per proteggere i confini italiani ed europei \u2013 aggiunge Salvini -, sar\u00e0 mia premura, perch\u00e8 lo abbiamo gi\u00e0 fatto\u201d.<br \/>\u201cHo scelto di venire a sorpresa \u2013 spiega -, senza avvisare nessuno. L\u2019altra volta quando avevo avvisato era tutto pulito, profumato e ordinato, non c\u2019era nulla fuori posto. Da mezzanotte a ora ci sono stati 15 sbarchi organizzati, altri ce ne saranno. E\u2019 indegno di un Paese civile\u201d.<br \/>frame video ufficio stampa Lega<br \/>(ITALPRESS).<div id=\"div-gpt-ad-Messinaoggi.it-DSK-300x250-corpoart\" style=\"text-align:center;margin:0 auto;\"><\/div><\/p>\n<\/div>\n<div id=\"videoincontent\" style=\"clear:both\";><\/div>","protected":false},"excerpt":{"rendered":"<p>LAMPEDUSA (AGRIGENTO) (ITALPRESS) \u2013 \u201cChi ha diritto di essere accolto \u00e8 costretto a stare per terra, chi non ne ha diritto sbarca qui per la terza o quarta volta. E\u2019 un business. Qui dovrebbero esserci 350 persone e invece ce ne sono pi\u00f9 di 1.300, tutte ammassate\u201d. Cos\u00ec il leader della Lega, Matteo Salvini, all\u2019ingresso [&hellip;]<\/p>\n","protected":false},"author":18,"featured_media":119734,"comment_status":"closed","ping_status":"closed","sticky":false,"template":"","format":"standard","meta":{"ub_ctt_via":"","_mi_skip_tracking":false},"categories":[2449],"tags":[783],"featured_image_src":"https:\/\/www.messinaoggi.it\/website\/wp-content\/uploads\/2022\/08\/20220831_0709.jpg","author_info":{"display_name":"Admin","author_link":"https:\/\/www.messinaoggi.it\/website\/author\/admin\/"},"digistream_id":0,"digistream":false,"_links":{"self":[{"href":"https:\/\/www.messinaoggi.it\/website\/wp-json\/wp\/v2\/posts\/119733"}],"collection":[{"href":"https:\/\/www.messinaoggi.it\/website\/wp-json\/wp\/v2\/posts"}],"about":[{"href":"https:\/\/www.messinaoggi.it\/website\/wp-json\/wp\/v2\/types\/post"}],"author":[{"embeddable":true,"href":"https:\/\/www.messinaoggi.it\/website\/wp-json\/wp\/v2\/users\/18"}],"replies":[{"embeddable":true,"href":"https:\/\/www.messinaoggi.it\/website\/wp-json\/wp\/v2\/comments?post=119733"}],"version-history":[{"count":0,"href":"https:\/\/www.messinaoggi.it\/website\/wp-json\/wp\/v2\/posts\/119733\/revisions"}],"wp:featuredmedia":[{"embeddable":true,"href":"https:\/\/www.messinaoggi.it\/website\/wp-json\/wp\/v2\/media\/119734"}],"wp:attachment":[{"href":"https:\/\/www.messinaoggi.it\/website\/wp-json\/wp\/v2\/media?parent=119733"}],"wp:term":[{"taxonomy":"category","embeddable":true,"href":"https:\/\/www.messinaoggi.it\/website\/wp-json\/wp\/v2\/categories?post=119733"},{"taxonomy":"post_tag","embeddable":true,"href":"https:\/\/www.messinaoggi.it\/website\/wp-json\/wp\/v2\/tags?post=119733"}],"curies":[{"name":"wp","href":"https:\/\/api.w.org\/{rel}","templated":true}]}}