{"id":119688,"date":"2022-08-31T10:08:10","date_gmt":"2022-08-31T08:08:10","guid":{"rendered":"https:\/\/www.messinaoggi.it\/website\/2022\/08\/31\/speranza-positivi-devono-stare-a-casa-per-elezioni-voto-domiciliare\/"},"modified":"2022-08-31T10:08:10","modified_gmt":"2022-08-31T08:08:10","slug":"speranza-positivi-devono-stare-a-casa-per-elezioni-voto-domiciliare","status":"publish","type":"post","link":"https:\/\/www.messinaoggi.it\/website\/2022\/08\/31\/speranza-positivi-devono-stare-a-casa-per-elezioni-voto-domiciliare\/","title":{"rendered":"Speranza \u201cPositivi devono stare a casa, per elezioni voto domiciliare\u201d"},"content":{"rendered":"<div>ROMA (ITALPRESS) &#8211; &#8220;C&#8217;\u00e8 un parere del Consiglio di superiore di sanit\u00e0 che \u00e8 in arrivo. Appena sar\u00e0 formalizzato faremo le opportune valutazioni. Quello che \u00e8 certo \u00e8 che se una persona \u00e8 positiva deve restare a casa. Sui giorni, la valutazione in queste ore viene fatta dal Consiglio superiore di sanit\u00e0&#8221;. Lo ha detto il ministro della Salute, Roberto Speranza, a Radio Capital, in risposta a una domanda sulla riduzione della quarantena per le persone positive al Covid. &#8220;Se una persona \u00e8 positiva \u00e8 interesse di tutti che non contagi altre persone&#8221;, ha aggiunto. Per le elezioni &#8220;c&#8217;\u00e8 la possibilit\u00e0 del voto domiciliare&#8221;, ha affermato, spiegando che si pu\u00f2 &#8220;utilizzare anche in questo caso&#8221; come avviene per le &#8220;persone che per ragioni di infermit\u00e0 non possono votare&#8221;.<br \/>\n&#8220;Continuo a pensare &#8211; ha continuato &#8211; che dobbiamo mantenere un elemento di prudenza e precauzione. Abbiamo una fase diversa. Quella pi\u00f9 difficile, drammatica, delle chiusure dure, delle esperienze che ciascuno di noi ha vissuto sulla propria pelle \u00e8 alle spalle grazie soprattutto a una campagna di vaccinazione straordinaria. Questo non significa &#8211; ha aggiunto &#8211; far finta che il Covid non c&#8217;\u00e8 pi\u00f9. Sarebbe un atteggiamento sbagliato&#8221;.<div id=\"div-gpt-ad-Messinaoggi.it-DSK-300x250-corpoart\" style=\"text-align:center;margin:0 auto;\"><\/div><\/p>\n<p>foto: agenziafotogramma.it<div id=\"videoincontent\" style=\"clear:both\";><\/div><\/p>\n<p>(ITALPRESS).<\/p><\/div>\n","protected":false},"excerpt":{"rendered":"<p>ROMA (ITALPRESS) &#8211; &#8220;C&#8217;\u00e8 un parere del Consiglio di superiore di sanit\u00e0 che \u00e8 in arrivo. Appena sar\u00e0 formalizzato faremo le opportune valutazioni. Quello che \u00e8 certo \u00e8 che se una persona \u00e8 positiva deve restare a casa. Sui giorni, la valutazione in queste ore viene fatta dal Consiglio superiore di sanit\u00e0&#8221;. Lo ha detto [&hellip;]<\/p>\n","protected":false},"author":18,"featured_media":119689,"comment_status":"closed","ping_status":"closed","sticky":false,"template":"","format":"standard","meta":{"ub_ctt_via":"","_mi_skip_tracking":false},"categories":[446],"tags":[783],"featured_image_src":"https:\/\/www.messinaoggi.it\/website\/wp-content\/uploads\/2022\/08\/20220831_0115-300x207-1.jpg","author_info":{"display_name":"Admin","author_link":"https:\/\/www.messinaoggi.it\/website\/author\/admin\/"},"digistream_id":0,"digistream":false,"_links":{"self":[{"href":"https:\/\/www.messinaoggi.it\/website\/wp-json\/wp\/v2\/posts\/119688"}],"collection":[{"href":"https:\/\/www.messinaoggi.it\/website\/wp-json\/wp\/v2\/posts"}],"about":[{"href":"https:\/\/www.messinaoggi.it\/website\/wp-json\/wp\/v2\/types\/post"}],"author":[{"embeddable":true,"href":"https:\/\/www.messinaoggi.it\/website\/wp-json\/wp\/v2\/users\/18"}],"replies":[{"embeddable":true,"href":"https:\/\/www.messinaoggi.it\/website\/wp-json\/wp\/v2\/comments?post=119688"}],"version-history":[{"count":0,"href":"https:\/\/www.messinaoggi.it\/website\/wp-json\/wp\/v2\/posts\/119688\/revisions"}],"wp:featuredmedia":[{"embeddable":true,"href":"https:\/\/www.messinaoggi.it\/website\/wp-json\/wp\/v2\/media\/119689"}],"wp:attachment":[{"href":"https:\/\/www.messinaoggi.it\/website\/wp-json\/wp\/v2\/media?parent=119688"}],"wp:term":[{"taxonomy":"category","embeddable":true,"href":"https:\/\/www.messinaoggi.it\/website\/wp-json\/wp\/v2\/categories?post=119688"},{"taxonomy":"post_tag","embeddable":true,"href":"https:\/\/www.messinaoggi.it\/website\/wp-json\/wp\/v2\/tags?post=119688"}],"curies":[{"name":"wp","href":"https:\/\/api.w.org\/{rel}","templated":true}]}}