{"id":119682,"date":"2022-08-31T09:41:19","date_gmt":"2022-08-31T07:41:19","guid":{"rendered":"http:\/\/www.messinaoggi.it\/website\/?p=119682"},"modified":"2022-08-31T09:41:21","modified_gmt":"2022-08-31T07:41:21","slug":"ha-incendiato-lauto-di-un-carabiniere-arrestato","status":"publish","type":"post","link":"https:\/\/www.messinaoggi.it\/website\/2022\/08\/31\/ha-incendiato-lauto-di-un-carabiniere-arrestato\/","title":{"rendered":"Ha incendiato l&#8217;auto di un carabiniere: arrestato"},"content":{"rendered":"\n<p>I Carabinieri della Compagnia di Taormina hanno dato esecuzione ad un\u2019ordinanza di custodia cautelare emessa &#8211; su richiesta della Procura della Repubblica di Messina &#8211; dal G.I.P. presso il Tribunale di questo capoluogo, nei confronti di una persona nei cui confronti, <em>nell\u2019attuale fase del procedimento, sono emersi gravi indizi di colpevolezza per il reato di danneggiamento seguito da incendio.<\/em><div id=\"div-gpt-ad-Messinaoggi.it-DSK-300x250-corpoart\" style=\"text-align:center;margin:0 auto;\"><\/div><\/p>\n\n\n\n<p>L\u2019attivit\u00e0 investigativa \u00e8 stata avviata dall\u2019Aliquota Operativa della Compagnia di Taormina a seguito dell\u2019incendio dell\u2019autovettura di un militare effettivo alla Stazione Carabinieri di Francavilla di Sicilia, verificatosi nella notte del 26 maggio scorso. L\u2019incendio caus\u00f2 la completa distruzione dell\u2019autovettura di propriet\u00e0 del militare mentre si trovava in sosta sulla pubblica piazza, in pieno centro abitato e a pochi passi dall\u2019ingresso della locale Caserma dei Carabinieri, nonch\u00e9 di un palo dell\u2019illuminazione pubblica. Il fatto determin\u00f2 un significativo clamore nella cittadinanza del piccolo comune.<div id=\"videoincontent\" style=\"clear:both\";><\/div><\/p>\n\n\n\n<p>La visione delle immagini di videosorveglianza aveva da subito consentito di stabilire <em>senza ombra di dubbio<\/em> l\u2019origine dolosa dell\u2019incendio per mano di un individuo, con il volto travisato, che subito dopo aver innescato le fiamme si sarebbe dileguato a piedi nei vicoli del centro storico.<\/p>\n\n\n\n<p>I successivi approfondimenti investigativi hanno permesso di focalizzare l\u2019attenzione su un soggetto del luogo, gi\u00e0 noto al personale della locale Stazione poich\u00e9 gi\u00e0 coinvolto in altre vicende occorse in quel centro, e nei cui confronti sono emersi gravi indizi di colpevolezza.<\/p>\n\n\n\n<p>In particolare l\u2019autore \u00e8 stato immortalato dai sistemi di videosorveglianza nel momento in cui, poco dopo la mezzanotte del 26 maggio u.s., raggiungeva Piazza Annunziata ove era regolarmente parcheggiata l\u2019autovettura del militare e vi appiccava l\u2019incendio, utilizzando un innesco di natura artigianale imbevuto di liquido infiammabile. Infatti, ripercorrendo a ritroso la via di fuga utilizzata dal reo \u00e8 stato possibile rinvenire una bottiglietta contenente del liquido infiammabile che si ritiene sia stata utilizzata per innescare le fiamme e di porla sotto sequestro per le successive analisi tecniche da parte del Reparto Investigazioni Scientifiche di Messina, dal cui esito \u00e8 emerso che si trattava di diluente altamente infiammabile, utilizzato per rimuovere la vernice.<\/p>\n\n\n\n<p>La successiva perquisizione domiciliare effettuata presso l\u2019abitazione dell\u2019odierno indagato ha permesso di recuperare indumenti compatibili con quelli ripresi dalle telecamere nel corso dell\u2019azione delittuosa e di rinvenire, nella sua disponibilit\u00e0, un contenitore di liquido infiammabile della stessa tipologia di quello contenuto nella bottiglietta ritrovata a poca distanza dal luogo dell\u2019evento.<\/p>\n\n\n\n<p>Al termine delle formalit\u00e0 di rito, l\u2019odierno indagato \u00e8 stato ristretto agli arresti domiciliari presso la sua abitazione a disposizione dell\u2019Autorit\u00e0 Giudiziaria, in attesa di interrogatorio di garanzia.<\/p>\n","protected":false},"excerpt":{"rendered":"<p>I Carabinieri della Compagnia di Taormina hanno dato esecuzione ad un\u2019ordinanza di custodia cautelare emessa &#8211; su richiesta della Procura della Repubblica di Messina &#8211; dal G.I.P. presso il Tribunale di questo capoluogo, nei confronti di una persona nei cui confronti, nell\u2019attuale fase del procedimento, sono emersi gravi indizi di colpevolezza per il reato di [&hellip;]<\/p>\n","protected":false},"author":2,"featured_media":53373,"comment_status":"open","ping_status":"open","sticky":false,"template":"","format":"standard","meta":{"ub_ctt_via":"","_mi_skip_tracking":false},"categories":[3],"tags":[54,55,73],"featured_image_src":"https:\/\/www.messinaoggi.it\/website\/wp-content\/uploads\/2021\/02\/Carabinieri-Compagnia-Taormina.jpg","author_info":{"display_name":"Redazione","author_link":"https:\/\/www.messinaoggi.it\/website\/author\/redazione\/"},"digistream_id":0,"digistream":false,"_links":{"self":[{"href":"https:\/\/www.messinaoggi.it\/website\/wp-json\/wp\/v2\/posts\/119682"}],"collection":[{"href":"https:\/\/www.messinaoggi.it\/website\/wp-json\/wp\/v2\/posts"}],"about":[{"href":"https:\/\/www.messinaoggi.it\/website\/wp-json\/wp\/v2\/types\/post"}],"author":[{"embeddable":true,"href":"https:\/\/www.messinaoggi.it\/website\/wp-json\/wp\/v2\/users\/2"}],"replies":[{"embeddable":true,"href":"https:\/\/www.messinaoggi.it\/website\/wp-json\/wp\/v2\/comments?post=119682"}],"version-history":[{"count":1,"href":"https:\/\/www.messinaoggi.it\/website\/wp-json\/wp\/v2\/posts\/119682\/revisions"}],"predecessor-version":[{"id":119683,"href":"https:\/\/www.messinaoggi.it\/website\/wp-json\/wp\/v2\/posts\/119682\/revisions\/119683"}],"wp:featuredmedia":[{"embeddable":true,"href":"https:\/\/www.messinaoggi.it\/website\/wp-json\/wp\/v2\/media\/53373"}],"wp:attachment":[{"href":"https:\/\/www.messinaoggi.it\/website\/wp-json\/wp\/v2\/media?parent=119682"}],"wp:term":[{"taxonomy":"category","embeddable":true,"href":"https:\/\/www.messinaoggi.it\/website\/wp-json\/wp\/v2\/categories?post=119682"},{"taxonomy":"post_tag","embeddable":true,"href":"https:\/\/www.messinaoggi.it\/website\/wp-json\/wp\/v2\/tags?post=119682"}],"curies":[{"name":"wp","href":"https:\/\/api.w.org\/{rel}","templated":true}]}}