{"id":119652,"date":"2022-08-30T21:02:55","date_gmt":"2022-08-30T19:02:55","guid":{"rendered":"https:\/\/www.messinaoggi.it\/website\/2022\/08\/30\/matteo-salvini-a-ravanusa-tardino-lieta-che-abbia-omaggiato-vittime\/"},"modified":"2022-08-30T21:02:55","modified_gmt":"2022-08-30T19:02:55","slug":"matteo-salvini-a-ravanusa-tardino-lieta-che-abbia-omaggiato-vittime","status":"publish","type":"post","link":"https:\/\/www.messinaoggi.it\/website\/2022\/08\/30\/matteo-salvini-a-ravanusa-tardino-lieta-che-abbia-omaggiato-vittime\/","title":{"rendered":"Matteo Salvini a Ravanusa, Tardino \u201cLieta che abbia omaggiato vittime\u201d"},"content":{"rendered":"<div>\n<p>AGRIGENTO (ITALPRESS) \u2013 Dapprima Ravanusa, nei luoghi dell\u2019esplosione di via Trilussa dello scorso dicembre, poi Cammarata. Doppia tappa in provincia di Agrigento per il segretario federale della Lega, Matteo Salvini, nel suo tour nell\u2019Isola. Nei locali della fattoria Giambrone sono stati presentati i candidati alle elezioni regionali e politiche del prossimo 25 Settembre. A fare gli onori di casa la parlamentare europea Annalisa Tardino, candidata alla Camera e commissario provinciale del partito. \u201cSono assolutamente lieta del fatto che Matteo Salvini abbia voluto omaggiare le vittime di una tragedia come quella di Ravanusa, che ha colpito tutta la provincia, con risonanza nazionale \u2013 ha detto -. Ritengo, da agrigentina, che sia un dovere omaggiare quelle vittime, in via istituzionale\u201d. \u201cE poi sono contenta che Matteo Salvini, da leader di partito,  abbia accettato l\u2019invito della storica sezione di Cammarata a presenziare su questo territorio; un territorio spesso dimenticato, quello della zona montana della nostra provincia, proprio perch\u00e8 \u00e8 sempre pi\u00f9 facile dare attenzione ai capoluoghi e dimenticare le zone di periferia. Noi invece siamo qua, non ci servono grandi palcoscenici ma ci serve di stare in mezzo alla gente che vive il territorio ogni giorno, e la straordinaria presenza di oggi ne \u00e8 testimonianza\u201d ha concluso.(ITALPRESS).<div id=\"div-gpt-ad-Messinaoggi.it-DSK-300x250-corpoart\" style=\"text-align:center;margin:0 auto;\"><\/div><\/p>\n<p>Photo credits: Ufficio stampa onorevole Tardino<div id=\"videoincontent\" style=\"clear:both\";><\/div><\/p>\n<\/div>\n","protected":false},"excerpt":{"rendered":"<p>AGRIGENTO (ITALPRESS) \u2013 Dapprima Ravanusa, nei luoghi dell\u2019esplosione di via Trilussa dello scorso dicembre, poi Cammarata. Doppia tappa in provincia di Agrigento per il segretario federale della Lega, Matteo Salvini, nel suo tour nell\u2019Isola. Nei locali della fattoria Giambrone sono stati presentati i candidati alle elezioni regionali e politiche del prossimo 25 Settembre. A fare [&hellip;]<\/p>\n","protected":false},"author":18,"featured_media":119653,"comment_status":"closed","ping_status":"closed","sticky":false,"template":"","format":"standard","meta":{"ub_ctt_via":"","_mi_skip_tracking":false},"categories":[2449],"tags":[783],"featured_image_src":"https:\/\/www.messinaoggi.it\/website\/wp-content\/uploads\/2022\/08\/20220830_1859.jpg","author_info":{"display_name":"Admin","author_link":"https:\/\/www.messinaoggi.it\/website\/author\/admin\/"},"digistream_id":0,"digistream":false,"_links":{"self":[{"href":"https:\/\/www.messinaoggi.it\/website\/wp-json\/wp\/v2\/posts\/119652"}],"collection":[{"href":"https:\/\/www.messinaoggi.it\/website\/wp-json\/wp\/v2\/posts"}],"about":[{"href":"https:\/\/www.messinaoggi.it\/website\/wp-json\/wp\/v2\/types\/post"}],"author":[{"embeddable":true,"href":"https:\/\/www.messinaoggi.it\/website\/wp-json\/wp\/v2\/users\/18"}],"replies":[{"embeddable":true,"href":"https:\/\/www.messinaoggi.it\/website\/wp-json\/wp\/v2\/comments?post=119652"}],"version-history":[{"count":0,"href":"https:\/\/www.messinaoggi.it\/website\/wp-json\/wp\/v2\/posts\/119652\/revisions"}],"wp:featuredmedia":[{"embeddable":true,"href":"https:\/\/www.messinaoggi.it\/website\/wp-json\/wp\/v2\/media\/119653"}],"wp:attachment":[{"href":"https:\/\/www.messinaoggi.it\/website\/wp-json\/wp\/v2\/media?parent=119652"}],"wp:term":[{"taxonomy":"category","embeddable":true,"href":"https:\/\/www.messinaoggi.it\/website\/wp-json\/wp\/v2\/categories?post=119652"},{"taxonomy":"post_tag","embeddable":true,"href":"https:\/\/www.messinaoggi.it\/website\/wp-json\/wp\/v2\/tags?post=119652"}],"curies":[{"name":"wp","href":"https:\/\/api.w.org\/{rel}","templated":true}]}}