{"id":119650,"date":"2022-08-30T20:32:52","date_gmt":"2022-08-30T18:32:52","guid":{"rendered":"https:\/\/www.messinaoggi.it\/website\/2022\/08\/30\/regionali-di-paola-m5s-per-i-sondaggi-interni-siamo-primo-partito\/"},"modified":"2022-08-30T20:32:52","modified_gmt":"2022-08-30T18:32:52","slug":"regionali-di-paola-m5s-per-i-sondaggi-interni-siamo-primo-partito","status":"publish","type":"post","link":"https:\/\/www.messinaoggi.it\/website\/2022\/08\/30\/regionali-di-paola-m5s-per-i-sondaggi-interni-siamo-primo-partito\/","title":{"rendered":"Regionali, Di Paola (M5s) \u201cPer i sondaggi interni siamo primo partito\u201d"},"content":{"rendered":"<div>\n<p>PALERMO (ITALPRESS) \u2013 \u201cSiamo il primo partito in Sicilia, lo dicono i sondaggi in nostro possesso e dobbiamo e possiamo ancora crescere. Per questo, da qui al 23 settembre, faremo quattro incontri al giorno, da un capo all\u2019altro della Sicilia, per cercare di crescere ancora e vincere questa battaglia. Io ci credo. Noi, che siamo una vera squadra, ci crediamo. E a met\u00e0 settembre arriva Conte a darci una grossa mano\u201d. Nuccio Di Paola, candidato presidente per il M5s alla presidenza della Regione Siciliana, ha suonato la carica questo pomeriggio al plotoncino dei 90 candidati 5stelle alle prossime elezioni regionali e politiche nel corso della riunione tenuta a Caltanissetta per coordinare le prossime iniziative in vista dell\u2019appuntamento con le urne. Alla riunione erano presenti anche i deputati uscenti Gianina Ciancio, Francesco Cappello, Salvatore Siragusa e Stefano Zito oltre che la senatrice Nunzia Catalfo e il sottosegretario Giancarlo Cancelleri. \u201cSiamo \u2013 ha detto Di Paola \u2013 una squadra competitiva ed esperta, abbiamo dentro professionisti, ex sindaci e consiglieri comunali. Dobbiamo sfruttare ogni momento a disposizione per dire alla gente cosa abbiamo fatto e cosa continueremo a fare e per ribadirgli che chi \u00e8 con noi \u00e8 dalla parte giusta, che poi \u00e8 quella del cittadino, che abbiamo sempre messo al centro della nostra azione politica. Per dirgli che se c\u2019\u00e8 un voto utile \u00e8 quello per noi. che saremo sempre dalla loro parte\u201d. (ITALPRESS).<div id=\"div-gpt-ad-Messinaoggi.it-DSK-300x250-corpoart\" style=\"text-align:center;margin:0 auto;\"><\/div><\/p>\n<p>Photo credits: ufficio stampa M5s Sicilia<div id=\"videoincontent\" style=\"clear:both\";><\/div><\/p>\n<\/div>\n","protected":false},"excerpt":{"rendered":"<p>PALERMO (ITALPRESS) \u2013 \u201cSiamo il primo partito in Sicilia, lo dicono i sondaggi in nostro possesso e dobbiamo e possiamo ancora crescere. Per questo, da qui al 23 settembre, faremo quattro incontri al giorno, da un capo all\u2019altro della Sicilia, per cercare di crescere ancora e vincere questa battaglia. Io ci credo. Noi, che siamo [&hellip;]<\/p>\n","protected":false},"author":18,"featured_media":119651,"comment_status":"closed","ping_status":"closed","sticky":false,"template":"","format":"standard","meta":{"ub_ctt_via":"","_mi_skip_tracking":false},"categories":[2449],"tags":[783],"featured_image_src":"https:\/\/www.messinaoggi.it\/website\/wp-content\/uploads\/2022\/08\/20220830_1801.jpg","author_info":{"display_name":"Admin","author_link":"https:\/\/www.messinaoggi.it\/website\/author\/admin\/"},"digistream_id":0,"digistream":false,"_links":{"self":[{"href":"https:\/\/www.messinaoggi.it\/website\/wp-json\/wp\/v2\/posts\/119650"}],"collection":[{"href":"https:\/\/www.messinaoggi.it\/website\/wp-json\/wp\/v2\/posts"}],"about":[{"href":"https:\/\/www.messinaoggi.it\/website\/wp-json\/wp\/v2\/types\/post"}],"author":[{"embeddable":true,"href":"https:\/\/www.messinaoggi.it\/website\/wp-json\/wp\/v2\/users\/18"}],"replies":[{"embeddable":true,"href":"https:\/\/www.messinaoggi.it\/website\/wp-json\/wp\/v2\/comments?post=119650"}],"version-history":[{"count":0,"href":"https:\/\/www.messinaoggi.it\/website\/wp-json\/wp\/v2\/posts\/119650\/revisions"}],"wp:featuredmedia":[{"embeddable":true,"href":"https:\/\/www.messinaoggi.it\/website\/wp-json\/wp\/v2\/media\/119651"}],"wp:attachment":[{"href":"https:\/\/www.messinaoggi.it\/website\/wp-json\/wp\/v2\/media?parent=119650"}],"wp:term":[{"taxonomy":"category","embeddable":true,"href":"https:\/\/www.messinaoggi.it\/website\/wp-json\/wp\/v2\/categories?post=119650"},{"taxonomy":"post_tag","embeddable":true,"href":"https:\/\/www.messinaoggi.it\/website\/wp-json\/wp\/v2\/tags?post=119650"}],"curies":[{"name":"wp","href":"https:\/\/api.w.org\/{rel}","templated":true}]}}