{"id":119647,"date":"2022-08-30T19:32:52","date_gmt":"2022-08-30T17:32:52","guid":{"rendered":"https:\/\/www.messinaoggi.it\/website\/2022\/08\/30\/razza-puntare-sulla-continuita-musumeci-schifani\/"},"modified":"2022-08-30T19:32:52","modified_gmt":"2022-08-30T17:32:52","slug":"razza-puntare-sulla-continuita-musumeci-schifani","status":"publish","type":"post","link":"https:\/\/www.messinaoggi.it\/website\/2022\/08\/30\/razza-puntare-sulla-continuita-musumeci-schifani\/","title":{"rendered":"Razza \u201cPuntare sulla continuit\u00e0 Musumeci-Schifani\u201d"},"content":{"rendered":"<div>\n<p>PALERMO (ITALPRESS) \u2013 \u201cIl bilancio di questi anni \u00e8 stato caratterizzato dalla gestione della pandemia, ma sono stati anche anni di lavoro sul personale, 17 mila assunti a tempo indeterminato, sulle infrastrutture, oltre 1,2 miliardi investiti, di grandi obiettivi, come il nuovo ospedale dell\u2019Ismett a Palermo, i nuovi ospedali a Siracusa e Ragusa, il finanziamento di due nuovi ospedali metropolitani nel nostro capoluogo\u201d. Cos\u00ec Ruggero Razza, assessore alla Salute della Regione Siciliana, in un\u2019intervista all\u2019Italpress traccia un bilancio dei suoi 5 anni di lavoro nella Giunta Musumeci.<br \/>\u201cC\u2019\u00e8 stato un lavoro che ha consentito di mettere a sistema una programmazione di lungo periodo che erediter\u00e0 chi verr\u00e0 dopo di me \u2013 aggiunge -. Accanto a questo ci sono tante altre cose che devono essere fatte, che possono essere meglio realizzate e la macchina della Regione \u00e8 pronta a realizzare tutti questi obiettivi\u201d.<br \/>\u201cIl Governo Draghi ha ridotto la spesa sanitaria, non l\u2019ha aumentata come si dice. Nel rapporto con il Pil \u00e8 diminuita rispetto all\u2019anno precedente\u201d, spiega Razza.<br \/>\u201cOggi quasi tutti gli indicatori dicono che per la sanit\u00e0 italiana servono dai 20 ai 30 miliardi di euro in pi\u00f9, che si aggiungono ai quasi 130 miliardi del fondo attuale \u2013 aggiunge -. Questo perch\u00e8 ci sono tante prestazioni, che determinano liste di attesa, che non si riescono a erogare, e c\u2019\u00e8 una necessit\u00e0 di investire sul personale che oggi \u00e8 frenata dai tetti di spesa. Alla Sicilia manca l\u20198% di questi 20-30 miliardi. Il Fondo sanitario regionale ha una dotazione di 9 miliardi, ma dovrebbe ricevere ulteriori investimenti come le altre regioni, e questo \u00e8 previsto nel programma del centrodestra. Siamo convinti che gi\u00e0 con la prossima legge finanziaria ci potr\u00e0 essere un\u2019inversione di tendenza\u201d.<br \/>Sul fronte del Pnrr per la sanit\u00e0 siciliana \u201cl\u2019accordo di programma \u00e8 gi\u00e0 firmato dal presidente Musumeci e dal ministro Speranza, prevede 800 milioni di euro e ha un cadenzario temporale\u201d.<br \/>\u201cC\u2019\u00e8 un binario gi\u00e0 segnato, ci sono tutti gli obiettivi, dove devono essere realizzate le case di comunit\u00e0, gli ospedali di comunit\u00e0, le centrali operative territoriali, quali grandi tecnologie devono essere acquistate \u2013 aggiunge -. E\u2019 un piano che direi quasi che va da solo, chi verr\u00e0 dopo dovr\u00e0 verificare che le aziende rispettino il cronoprogramma concordato con lo Stato. Entro il 2026 la Sicilia avr\u00e0 la grande possibilit\u00e0 di una rete del territorio molto pi\u00f9 forte. Con il governo di centrodestra nazionale affronteremo il tema di chi ci dovr\u00e0 lavorare, con quali investimenti aggiuntivi, un tema che non si \u00e8 posto l\u2019attuale governo\u201d.<br \/>\u201cSchifani ha detto belle parole sul governo che ha lavorato in questi 5 anni, e ha detto che operer\u00e0 in continuit\u00e0 con quanto fatto dal governo Musumeci \u2013 afferma poi Razza in vista delle Regionali del 25 settembre -. Avendo lavorato accanto a Musumeci posso dire che in questi anni abbiamo sempre sentito la presenza di Renato Schifani, che nel suo ruolo di senatore \u00e8 sempre stato vicino alle istanze della Sicilia, lo abbiamo sentito come un punto di riferimento nelle istituzioni nazionali\u201d.<br \/>\u201cQuesto fa ben sperare per il futuro. Una grande mano di aiuto potr\u00e0 darla il presidente Musumeci \u2013 aggiunge -. Al contrario noi non abbiamo avuto nel governo nazionale e nella maggioranza nel Parlamento nazionale un punto di riferimento serio per la rappresentanza delle istanze del governo siciliano. Questo ruolo e queste buone relazioni che ci sono tra Schifani e Musumeci penso che possano essere un valore aggiunto per la Sicilia. Non a caso la candidatura di Renato Schifani ha avuto una forte condivisione anche da parte di Giorgia Meloni\u201d.<div id=\"div-gpt-ad-Messinaoggi.it-DSK-300x250-corpoart\" style=\"text-align:center;margin:0 auto;\"><\/div><\/p>\n<p>\u2013 foto Italpress \u2013<div id=\"videoincontent\" style=\"clear:both\";><\/div><\/p>\n<p>(ITALPRESS).<\/p>\n<\/div>\n","protected":false},"excerpt":{"rendered":"<p>PALERMO (ITALPRESS) \u2013 \u201cIl bilancio di questi anni \u00e8 stato caratterizzato dalla gestione della pandemia, ma sono stati anche anni di lavoro sul personale, 17 mila assunti a tempo indeterminato, sulle infrastrutture, oltre 1,2 miliardi investiti, di grandi obiettivi, come il nuovo ospedale dell\u2019Ismett a Palermo, i nuovi ospedali a Siracusa e Ragusa, il finanziamento [&hellip;]<\/p>\n","protected":false},"author":18,"featured_media":119648,"comment_status":"closed","ping_status":"closed","sticky":false,"template":"","format":"standard","meta":{"ub_ctt_via":"","_mi_skip_tracking":false},"categories":[2449],"tags":[783],"featured_image_src":"https:\/\/www.messinaoggi.it\/website\/wp-content\/uploads\/2022\/08\/20220830_1723.jpg","author_info":{"display_name":"Admin","author_link":"https:\/\/www.messinaoggi.it\/website\/author\/admin\/"},"digistream_id":0,"digistream":false,"_links":{"self":[{"href":"https:\/\/www.messinaoggi.it\/website\/wp-json\/wp\/v2\/posts\/119647"}],"collection":[{"href":"https:\/\/www.messinaoggi.it\/website\/wp-json\/wp\/v2\/posts"}],"about":[{"href":"https:\/\/www.messinaoggi.it\/website\/wp-json\/wp\/v2\/types\/post"}],"author":[{"embeddable":true,"href":"https:\/\/www.messinaoggi.it\/website\/wp-json\/wp\/v2\/users\/18"}],"replies":[{"embeddable":true,"href":"https:\/\/www.messinaoggi.it\/website\/wp-json\/wp\/v2\/comments?post=119647"}],"version-history":[{"count":0,"href":"https:\/\/www.messinaoggi.it\/website\/wp-json\/wp\/v2\/posts\/119647\/revisions"}],"wp:featuredmedia":[{"embeddable":true,"href":"https:\/\/www.messinaoggi.it\/website\/wp-json\/wp\/v2\/media\/119648"}],"wp:attachment":[{"href":"https:\/\/www.messinaoggi.it\/website\/wp-json\/wp\/v2\/media?parent=119647"}],"wp:term":[{"taxonomy":"category","embeddable":true,"href":"https:\/\/www.messinaoggi.it\/website\/wp-json\/wp\/v2\/categories?post=119647"},{"taxonomy":"post_tag","embeddable":true,"href":"https:\/\/www.messinaoggi.it\/website\/wp-json\/wp\/v2\/tags?post=119647"}],"curies":[{"name":"wp","href":"https:\/\/api.w.org\/{rel}","templated":true}]}}