{"id":119618,"date":"2022-08-30T18:07:52","date_gmt":"2022-08-30T16:07:52","guid":{"rendered":"https:\/\/www.messinaoggi.it\/website\/2022\/08\/30\/craxi-da-fi-atlantismo-della-ragione-ed-europeismo-pragmatico\/"},"modified":"2022-08-30T18:07:52","modified_gmt":"2022-08-30T16:07:52","slug":"craxi-da-fi-atlantismo-della-ragione-ed-europeismo-pragmatico","status":"publish","type":"post","link":"https:\/\/www.messinaoggi.it\/website\/2022\/08\/30\/craxi-da-fi-atlantismo-della-ragione-ed-europeismo-pragmatico\/","title":{"rendered":"Craxi \u201cDa FI atlantismo della ragione ed europeismo pragmatico\u201d"},"content":{"rendered":"<div>PALERMO (ITALPRESS) &#8211; In politica estera &#8220;la posizione di Forza Italia \u00e8 sempre stata molto chiara: un atlantismo della ragione, senza tentennamenti ma anche senza subalternit\u00e0, e un europeismo pragmatico. Vogliamo un&#8217;Europa migliore di quella che abbiamo vissuto in questi anni ma proprio Manfred Weber ha detto che non si pu\u00f2 uscire dalla crisi energetica senza una rinnovata solidariet\u00e0 europea&#8221;. Cos\u00ec Stefania Craxi, presidente della Commissione Esteri del Senato, in un&#8217;intervista all&#8217;Italpress risponde alla domanda se l&#8217;incontro di oggi tra Forza Italia e il leader del Ppe Manfred Weber sia un segnale a chi teme che la collocazione euro-atlantica dell&#8217;Italia sia a rischio in caso di vittoria del centrodestra alle elezioni.<br \/>&#8220;Nella sostanza la coalizione di centrodestra \u00e8 molto pi\u00f9 unita di quello che vogliono fare apparire i giornali: sui temi sociali, sul sostegno alla piccola e media impresa, sul fisco amico delle persone, sulla politica internazionale&#8221;, spiega la Craxi.<br \/>&#8220;Il centrodestra \u00e8 una coalizione unita e Forza Italia ha un ruolo importante. Magari in questo momento sul piano dei voti \u00e8 la forza pi\u00f9 debole della coalizione, ma sul piano politico ha un ruolo molto importante &#8211; aggiunge -: \u00e8 una forza di libert\u00e0, di moderazione, un collante per l&#8217;intera coalizione, e in grado di tracciare una strada riformista, europeista, atlantista. Credo che Forza Italia abbia un grande ruolo pi\u00f9 dei voti che in questo momento \u00e8 in grado di raccogliere&#8221;.<br \/>Stefania Craxi \u00e8 la candidata del centrodestra nel collegio uninominale di Gela al Senato, e respinge con fermezza chi parla di candidatura &#8220;paracadutata&#8221;. &#8220;Paracadutata un corno. La mia famiglia \u00e8 di origine siciliana. San Fratello \u00e8 il Paese dei miei avi, e torno ogni anno per la festa dei patroni Cirino, Alfio e Filadelfo. Il mio rapporto con la Sicilia non si \u00e8 mai interrotto, anche quando sono stata al ministero degli Affari Esteri&#8221;, spiega. &#8220;Sono anche cittadina onoraria di Mazara del Vallo, dove sono stata spesso a sostegno del comparto della pesca&#8221;, prosegue la Craxi, che evidenzia il ruolo che pu\u00f2 giocare la Sicilia sull&#8217;energia. &#8220;E&#8217; gi\u00e0 un hub energetico. Pensiamo alle grandi pipeline che arrivano a Mazara del Vallo, a Gela, per poi salire lungo il Paese. La regione ha gi\u00e0 un grandissimo ruolo di snodo dei commerci energetici e agroalimentari nel Mediterraneo &#8211; spiega -. Pu\u00f2 essere implementato questo ruolo, e sicuramente con la crisi energetica che ci aspetta una delle cose da fare \u00e8 proprio rafforzare le linee di trasmissione che gi\u00e0 esistono&#8221;.<br \/>Dalla Craxi apprezzamento per la scelta del centrodestra di puntare su Renato Schifani in Sicilia: &#8220;Dopo tante sciocchezze sull&#8217;uno vale uno, finalmente in Sicilia il candidato \u00e8 una figura di grande esperienza istituzionale, e ha avuto il grande merito di ricompattare il centrodestra. Far\u00e0 bene&#8221;.<div id=\"div-gpt-ad-Messinaoggi.it-DSK-300x250-corpoart\" style=\"text-align:center;margin:0 auto;\"><\/div><\/p>\n<p>&#8211; foto Italpress &#8211;<div id=\"videoincontent\" style=\"clear:both\";><\/div><\/p>\n<p>(ITALPRESS).<\/p><\/div>\n","protected":false},"excerpt":{"rendered":"<p>PALERMO (ITALPRESS) &#8211; In politica estera &#8220;la posizione di Forza Italia \u00e8 sempre stata molto chiara: un atlantismo della ragione, senza tentennamenti ma anche senza subalternit\u00e0, e un europeismo pragmatico. Vogliamo un&#8217;Europa migliore di quella che abbiamo vissuto in questi anni ma proprio Manfred Weber ha detto che non si pu\u00f2 uscire dalla crisi energetica [&hellip;]<\/p>\n","protected":false},"author":18,"featured_media":119619,"comment_status":"closed","ping_status":"closed","sticky":false,"template":"","format":"standard","meta":{"ub_ctt_via":"","_mi_skip_tracking":false},"categories":[446],"tags":[783],"featured_image_src":"https:\/\/www.messinaoggi.it\/website\/wp-content\/uploads\/2022\/08\/20220830_1553.jpg","author_info":{"display_name":"Admin","author_link":"https:\/\/www.messinaoggi.it\/website\/author\/admin\/"},"digistream_id":0,"digistream":false,"_links":{"self":[{"href":"https:\/\/www.messinaoggi.it\/website\/wp-json\/wp\/v2\/posts\/119618"}],"collection":[{"href":"https:\/\/www.messinaoggi.it\/website\/wp-json\/wp\/v2\/posts"}],"about":[{"href":"https:\/\/www.messinaoggi.it\/website\/wp-json\/wp\/v2\/types\/post"}],"author":[{"embeddable":true,"href":"https:\/\/www.messinaoggi.it\/website\/wp-json\/wp\/v2\/users\/18"}],"replies":[{"embeddable":true,"href":"https:\/\/www.messinaoggi.it\/website\/wp-json\/wp\/v2\/comments?post=119618"}],"version-history":[{"count":0,"href":"https:\/\/www.messinaoggi.it\/website\/wp-json\/wp\/v2\/posts\/119618\/revisions"}],"wp:featuredmedia":[{"embeddable":true,"href":"https:\/\/www.messinaoggi.it\/website\/wp-json\/wp\/v2\/media\/119619"}],"wp:attachment":[{"href":"https:\/\/www.messinaoggi.it\/website\/wp-json\/wp\/v2\/media?parent=119618"}],"wp:term":[{"taxonomy":"category","embeddable":true,"href":"https:\/\/www.messinaoggi.it\/website\/wp-json\/wp\/v2\/categories?post=119618"},{"taxonomy":"post_tag","embeddable":true,"href":"https:\/\/www.messinaoggi.it\/website\/wp-json\/wp\/v2\/tags?post=119618"}],"curies":[{"name":"wp","href":"https:\/\/api.w.org\/{rel}","templated":true}]}}