{"id":119616,"date":"2022-08-30T17:47:54","date_gmt":"2022-08-30T15:47:54","guid":{"rendered":"https:\/\/www.messinaoggi.it\/website\/2022\/08\/30\/stefania-craxi-in-corsa-per-il-senato-in-sicilia-paracadutata-un-corno\/"},"modified":"2022-08-30T17:47:54","modified_gmt":"2022-08-30T15:47:54","slug":"stefania-craxi-in-corsa-per-il-senato-in-sicilia-paracadutata-un-corno","status":"publish","type":"post","link":"https:\/\/www.messinaoggi.it\/website\/2022\/08\/30\/stefania-craxi-in-corsa-per-il-senato-in-sicilia-paracadutata-un-corno\/","title":{"rendered":"Stefania Craxi in corsa per il Senato in Sicilia \u201cParacadutata un corno\u201d"},"content":{"rendered":"<div>\n<p>PALERMO (ITALPRESS) \u2013 \u201cParacadutata un corno. La mia famiglia \u00e8 di origine siciliana. San Fratello \u00e8 il Paese dei miei avi, e torno ogni anno per la festa dei patroni Cirino, Alfio e Filadelfo. Il mio rapporto con la Sicilia non si \u00e8 mai interrotto, anche quando sono stata al ministero degli Affari Esteri\u201d. Cos\u00ec Stefania Craxi, presidente della Commissione Esteri del Senato e candidata del centrodestra nel collegio unimominale di Gela per un seggio a Palazzo Madama, in un\u2019intervista all\u2019Italpress, risponde a chi definisce la sua candidatura \u201cparacadutata\u201d.<br \/>\u201cSono anche cittadina onoraria di Mazara del Vallo, dove sono stata spesso a sostegno del comparto della pesca\u201d, prosegue la Craxi, che evidenzia il ruolo che pu\u00f2 giocare la Sicilia sull\u2019energia. \u201cE\u2019 gi\u00e0 un hub energetico. Pensiamo alle grandi pipeline che arrivano a Mazara del Vallo, a Gela, per poi salire lungo il Paese. La regione ha gi\u00e0 un grandissimo ruolo di snodo dei commerci energetici e agroalimentari nel Mediterraneo \u2013 spiega -. Pu\u00f2 essere implementato questo ruolo, e sicuramente con la crisi energetica che ci aspetta una delle cose da fare \u00e8 proprio rafforzare le linee di trasmissione che gi\u00e0 esistono\u201d.<br \/>Dalla Craxi apprezzamento per la scelta del centrodestra di puntare su Renato Schifani in Sicilia: \u201cDopo tante sciocchezze sull\u2019uno vale uno, finalmente in Sicilia il candidato \u00e8 una figura di grande esperienza istituzionale, e ha avuto il grande merito di ricompattare il centrodestra. Far\u00e0 bene\u201d.<br \/>\u201cLa Sicilia \u00e8 una regione magnifica, con grandi eccellenze. C\u2019\u00e8 un rovescio della medaglia, una cultura assistenzialista atavica, difficile da combattere \u2013 aggiunge -. Queste due facce della medaglia vanno unite, bisogner\u00e0 vincere la sfida dell\u2019innovazione. Non manca niente alla Sicilia, \u00e8 una terra che ha dato all\u2019Italia tantissimo, con uomini di cultura conosciuti in tutto il mondo. La Sicilia ce la far\u00e0\u201d.<div id=\"div-gpt-ad-Messinaoggi.it-DSK-300x250-corpoart\" style=\"text-align:center;margin:0 auto;\"><\/div><\/p>\n<p>\u2013 foto Italpress \u2013<div id=\"videoincontent\" style=\"clear:both\";><\/div><\/p>\n<p>(ITALPRESS).<\/p>\n<\/div>\n","protected":false},"excerpt":{"rendered":"<p>PALERMO (ITALPRESS) \u2013 \u201cParacadutata un corno. La mia famiglia \u00e8 di origine siciliana. San Fratello \u00e8 il Paese dei miei avi, e torno ogni anno per la festa dei patroni Cirino, Alfio e Filadelfo. Il mio rapporto con la Sicilia non si \u00e8 mai interrotto, anche quando sono stata al ministero degli Affari Esteri\u201d. Cos\u00ec [&hellip;]<\/p>\n","protected":false},"author":18,"featured_media":119617,"comment_status":"closed","ping_status":"closed","sticky":false,"template":"","format":"standard","meta":{"ub_ctt_via":"","_mi_skip_tracking":false},"categories":[2449],"tags":[783],"featured_image_src":"https:\/\/www.messinaoggi.it\/website\/wp-content\/uploads\/2022\/08\/20220830_1562.jpg","author_info":{"display_name":"Admin","author_link":"https:\/\/www.messinaoggi.it\/website\/author\/admin\/"},"digistream_id":0,"digistream":false,"_links":{"self":[{"href":"https:\/\/www.messinaoggi.it\/website\/wp-json\/wp\/v2\/posts\/119616"}],"collection":[{"href":"https:\/\/www.messinaoggi.it\/website\/wp-json\/wp\/v2\/posts"}],"about":[{"href":"https:\/\/www.messinaoggi.it\/website\/wp-json\/wp\/v2\/types\/post"}],"author":[{"embeddable":true,"href":"https:\/\/www.messinaoggi.it\/website\/wp-json\/wp\/v2\/users\/18"}],"replies":[{"embeddable":true,"href":"https:\/\/www.messinaoggi.it\/website\/wp-json\/wp\/v2\/comments?post=119616"}],"version-history":[{"count":0,"href":"https:\/\/www.messinaoggi.it\/website\/wp-json\/wp\/v2\/posts\/119616\/revisions"}],"wp:featuredmedia":[{"embeddable":true,"href":"https:\/\/www.messinaoggi.it\/website\/wp-json\/wp\/v2\/media\/119617"}],"wp:attachment":[{"href":"https:\/\/www.messinaoggi.it\/website\/wp-json\/wp\/v2\/media?parent=119616"}],"wp:term":[{"taxonomy":"category","embeddable":true,"href":"https:\/\/www.messinaoggi.it\/website\/wp-json\/wp\/v2\/categories?post=119616"},{"taxonomy":"post_tag","embeddable":true,"href":"https:\/\/www.messinaoggi.it\/website\/wp-json\/wp\/v2\/tags?post=119616"}],"curies":[{"name":"wp","href":"https:\/\/api.w.org\/{rel}","templated":true}]}}