{"id":119610,"date":"2022-08-30T17:07:55","date_gmt":"2022-08-30T15:07:55","guid":{"rendered":"https:\/\/www.messinaoggi.it\/website\/2022\/08\/30\/berlusconi-siamo-favorevoli-allesercito-europeo\/"},"modified":"2022-08-30T17:07:55","modified_gmt":"2022-08-30T15:07:55","slug":"berlusconi-siamo-favorevoli-allesercito-europeo","status":"publish","type":"post","link":"https:\/\/www.messinaoggi.it\/website\/2022\/08\/30\/berlusconi-siamo-favorevoli-allesercito-europeo\/","title":{"rendered":"Berlusconi \u201cSiamo favorevoli all\u2019esercito europeo\u201d"},"content":{"rendered":"<div>ROMA (ITALPRESS) &#8211; &#8220;Oggi parliamo di noi in Europa&#8221;. Lo dice Silvio Berlusconi, nella sua video-pillola quotidiana del programma elettorale. &#8220;L&#8217;Italia  &#8211; aggiunge &#8211; \u00e8 un paese fondatore dell&#8217;Unione Europea. L&#8217;Europa \u00e8 la nostra patria comune, qui sono nati i nostri princ\u00ecpi cristiani e liberali. Noi non possiamo che essere europeisti, senza esitazione e fino in fondo. Del resto solo l&#8217;Europa tutta unita, con valori condivisi e di un autentico senso di appartenenza di tutti i popoli che ne fanno parte, pu\u00f2 avere un ruolo nelle grandi sfide del mondo, pu\u00f2 difendere i nostri interessi e il nostro stile di vita. Per fare questo per\u00f2 bisogna mettere davvero in comune tra tutti gli stati europei la politica estera e di difesa. Si deve arrivare ad una vera diplomazia europea, ad un unica voce nella politica estera e a una vera forza militare europea, cominciando con un corpo di intervento rapido, di 100.000 uomini, pronto ad intervenire nelle emergenze&#8221;.<br \/>(ITALPRESS).<br \/>-foto agenziafotogramma.it-<\/div>\n<div id=\"div-gpt-ad-Messinaoggi.it-DSK-300x250-corpoart\" style=\"text-align:center;margin:0 auto;\"><\/div><\/p><div id=\"videoincontent\" style=\"clear:both\";><\/div>","protected":false},"excerpt":{"rendered":"<p>ROMA (ITALPRESS) &#8211; &#8220;Oggi parliamo di noi in Europa&#8221;. Lo dice Silvio Berlusconi, nella sua video-pillola quotidiana del programma elettorale. &#8220;L&#8217;Italia &#8211; aggiunge &#8211; \u00e8 un paese fondatore dell&#8217;Unione Europea. L&#8217;Europa \u00e8 la nostra patria comune, qui sono nati i nostri princ\u00ecpi cristiani e liberali. Noi non possiamo che essere europeisti, senza esitazione e fino [&hellip;]<\/p>\n","protected":false},"author":18,"featured_media":119611,"comment_status":"closed","ping_status":"closed","sticky":false,"template":"","format":"standard","meta":{"ub_ctt_via":"","_mi_skip_tracking":false},"categories":[446],"tags":[783],"featured_image_src":"https:\/\/www.messinaoggi.it\/website\/wp-content\/uploads\/2022\/08\/20220830_1290.jpg","author_info":{"display_name":"Admin","author_link":"https:\/\/www.messinaoggi.it\/website\/author\/admin\/"},"digistream_id":0,"digistream":false,"_links":{"self":[{"href":"https:\/\/www.messinaoggi.it\/website\/wp-json\/wp\/v2\/posts\/119610"}],"collection":[{"href":"https:\/\/www.messinaoggi.it\/website\/wp-json\/wp\/v2\/posts"}],"about":[{"href":"https:\/\/www.messinaoggi.it\/website\/wp-json\/wp\/v2\/types\/post"}],"author":[{"embeddable":true,"href":"https:\/\/www.messinaoggi.it\/website\/wp-json\/wp\/v2\/users\/18"}],"replies":[{"embeddable":true,"href":"https:\/\/www.messinaoggi.it\/website\/wp-json\/wp\/v2\/comments?post=119610"}],"version-history":[{"count":0,"href":"https:\/\/www.messinaoggi.it\/website\/wp-json\/wp\/v2\/posts\/119610\/revisions"}],"wp:featuredmedia":[{"embeddable":true,"href":"https:\/\/www.messinaoggi.it\/website\/wp-json\/wp\/v2\/media\/119611"}],"wp:attachment":[{"href":"https:\/\/www.messinaoggi.it\/website\/wp-json\/wp\/v2\/media?parent=119610"}],"wp:term":[{"taxonomy":"category","embeddable":true,"href":"https:\/\/www.messinaoggi.it\/website\/wp-json\/wp\/v2\/categories?post=119610"},{"taxonomy":"post_tag","embeddable":true,"href":"https:\/\/www.messinaoggi.it\/website\/wp-json\/wp\/v2\/tags?post=119610"}],"curies":[{"name":"wp","href":"https:\/\/api.w.org\/{rel}","templated":true}]}}