{"id":119608,"date":"2022-08-30T17:02:55","date_gmt":"2022-08-30T15:02:55","guid":{"rendered":"https:\/\/www.messinaoggi.it\/website\/2022\/08\/30\/furlan-in-sicilia-la-priorita-e-creare-lavoro\/"},"modified":"2022-08-30T17:02:55","modified_gmt":"2022-08-30T15:02:55","slug":"furlan-in-sicilia-la-priorita-e-creare-lavoro","status":"publish","type":"post","link":"https:\/\/www.messinaoggi.it\/website\/2022\/08\/30\/furlan-in-sicilia-la-priorita-e-creare-lavoro\/","title":{"rendered":"Furlan \u201cIn Sicilia la priorit\u00e0 \u00e8 creare lavoro\u201d"},"content":{"rendered":"<div>\n<p>PALERMO (ITALPRESS) \u2013 Per fermare l\u2019esodo dei giovani dalla Sicilia \u201cbisogna creare lavoro. Per il Partito Democratico la priorit\u00e0 \u00e8 la questione del lavoro, perch\u00e8 d\u00e0 dignit\u00e0 alla persona e soprattutto costruisce il futuro dei nostri giovani\u201d. Lo dice in un\u2019intervista all\u2019Italpress Annamaria Furlan, ex segretaria generale della Cisl e capolista del Pd nel collegio di Palermo, Marsala e Gela al Senato.<br \/>\u201cDalla Sicilia e da tutto il Sud ogni anno migliaia di giovani donne e uomini, dopo anni di sacrificio delle famiglie per farli studiare, devono portare la loro intelligenza all\u2019estero. Questo non \u00e8 ammissibile \u2013 aggiunge -, abbiamo bisogno che rimangano nel nostro Paese per farlo crescere. Per i giovani il diritto allo studio e al lavoro \u00e8 una priorit\u00e0\u201d.<br \/>A livello nazionale intervenire contro il caro energia e l\u2019inflazione \u201c\u00e8 assolutamente la priorit\u00e0\u201d. \u201cDobbiamo tutelare l\u2019economia del Paese, le nostre imprese e le famiglie. Bisogna agire immediatamente sia a livello europeo con un tetto al prezzo e anche a livello nazionale, scorporando il prezzo del gas da quello dell\u2019elettricit\u00e0, calmierando le bollette per imprese e famiglie. E\u2019 assolutamente necessario un intervento sociale\u201d, sottolinea Furlan, per la quale si potrebbe anche fare ricorso a uno scostamento di bilancio \u201cse fosse necessario\u201d, ma \u201csarebbe molto meglio aumentare la tassazione su chi specula su questi aumenti\u201d.<br \/>Sul tema degli stipendi \u201ccon il ministro Orlando si stava facendo davvero un buon lavoro, per definire una volta per tutte che il salario minimo sono i contratti nazionali delle categorie, i contratti pi\u00f9 diffusi. Purtroppo l\u2019incoscienza e l\u2019irresponsabilit\u00e0 di far cadere il Governo ha interrotto anche questo lavoro. Bisogna riprenderlo al pi\u00f9 presto\u201d.<br \/>\u201cAbbiamo nel Paese e in particolare al Sud abbiamo una situazione terribile che va affrontata con determinazione. Non basta lavorare per non essere poveri. Abbiamo proprio in Sicilia il 50% delle famiglie monoreddito con contratto a tempo determinato, e un tasso di povert\u00e0 assoluta oltre il 12% delle famiglie\u201d, sottolinea.<br \/>\u201cRidare dignit\u00e0 al lavoro significa ripartire innanzitutto da un rafforzamento forte della contrattazione, i contratti vanno rinnovati nel nostro Paese. Poi vanno create davvero condizioni perch\u00e8 non si muoia di lavoro \u2013 dice ancora Furlan -. Il lavoro povero si combatte attraverso una buona contrattazione e l\u2019emersione del tanto nero che c\u2019\u00e8 nel Paese, togliendo il lavoro dalla precariet\u00e0 disarmante che abbiamo davanti. Il lavoro precario troppo spesso \u00e8 sfruttamento, non consente di guardare al futuro, ed \u00e8 legato anche al tema della denatalit\u00e0\u201d.<div id=\"div-gpt-ad-Messinaoggi.it-DSK-300x250-corpoart\" style=\"text-align:center;margin:0 auto;\"><\/div><\/p>\n<p>\u2013 foto Italpress \u2013<div id=\"videoincontent\" style=\"clear:both\";><\/div><\/p>\n<p>(ITALPRESS).<\/p>\n<\/div>\n","protected":false},"excerpt":{"rendered":"<p>PALERMO (ITALPRESS) \u2013 Per fermare l\u2019esodo dei giovani dalla Sicilia \u201cbisogna creare lavoro. Per il Partito Democratico la priorit\u00e0 \u00e8 la questione del lavoro, perch\u00e8 d\u00e0 dignit\u00e0 alla persona e soprattutto costruisce il futuro dei nostri giovani\u201d. Lo dice in un\u2019intervista all\u2019Italpress Annamaria Furlan, ex segretaria generale della Cisl e capolista del Pd nel collegio [&hellip;]<\/p>\n","protected":false},"author":18,"featured_media":119609,"comment_status":"closed","ping_status":"closed","sticky":false,"template":"","format":"standard","meta":{"ub_ctt_via":"","_mi_skip_tracking":false},"categories":[2449],"tags":[783],"featured_image_src":"https:\/\/www.messinaoggi.it\/website\/wp-content\/uploads\/2022\/08\/20220830_1431.jpg","author_info":{"display_name":"Admin","author_link":"https:\/\/www.messinaoggi.it\/website\/author\/admin\/"},"digistream_id":0,"digistream":false,"_links":{"self":[{"href":"https:\/\/www.messinaoggi.it\/website\/wp-json\/wp\/v2\/posts\/119608"}],"collection":[{"href":"https:\/\/www.messinaoggi.it\/website\/wp-json\/wp\/v2\/posts"}],"about":[{"href":"https:\/\/www.messinaoggi.it\/website\/wp-json\/wp\/v2\/types\/post"}],"author":[{"embeddable":true,"href":"https:\/\/www.messinaoggi.it\/website\/wp-json\/wp\/v2\/users\/18"}],"replies":[{"embeddable":true,"href":"https:\/\/www.messinaoggi.it\/website\/wp-json\/wp\/v2\/comments?post=119608"}],"version-history":[{"count":0,"href":"https:\/\/www.messinaoggi.it\/website\/wp-json\/wp\/v2\/posts\/119608\/revisions"}],"wp:featuredmedia":[{"embeddable":true,"href":"https:\/\/www.messinaoggi.it\/website\/wp-json\/wp\/v2\/media\/119609"}],"wp:attachment":[{"href":"https:\/\/www.messinaoggi.it\/website\/wp-json\/wp\/v2\/media?parent=119608"}],"wp:term":[{"taxonomy":"category","embeddable":true,"href":"https:\/\/www.messinaoggi.it\/website\/wp-json\/wp\/v2\/categories?post=119608"},{"taxonomy":"post_tag","embeddable":true,"href":"https:\/\/www.messinaoggi.it\/website\/wp-json\/wp\/v2\/tags?post=119608"}],"curies":[{"name":"wp","href":"https:\/\/api.w.org\/{rel}","templated":true}]}}