{"id":119604,"date":"2022-08-30T16:07:54","date_gmt":"2022-08-30T14:07:54","guid":{"rendered":"https:\/\/www.messinaoggi.it\/website\/2022\/08\/30\/di-maio-la-nostra-proposta-e-un-decreto-demergenza-taglia-bollette\/"},"modified":"2022-08-30T16:07:54","modified_gmt":"2022-08-30T14:07:54","slug":"di-maio-la-nostra-proposta-e-un-decreto-demergenza-taglia-bollette","status":"publish","type":"post","link":"https:\/\/www.messinaoggi.it\/website\/2022\/08\/30\/di-maio-la-nostra-proposta-e-un-decreto-demergenza-taglia-bollette\/","title":{"rendered":"Di Maio \u201cLa nostra proposta \u00e8 un decreto d\u2019emergenza taglia-bollette\u201d"},"content":{"rendered":"<div>ROMA (ITALPRESS) &#8211; &#8220;Noi ieri come Impegno Civico abbiamo presentato la nostra proposta. Serve un decreto taglia bollette che paghi alle imprese l&#8217;80% della bolletta, perch\u00e8 ci sono imprenditori che a luglio di quest&#8217;anno hanno pagato una bolletta dieci volte pi\u00f9 alta dello scorso anno. Se non paghiamo l&#8217;80% delle bollette alle imprese, l&#8217;unica cosa che otterremo \u00e8 che chiuderanno, che perderemo posti di lavoro, dovremmo pagare la cassa integrazione e perderemo introiti di tasse e contributi&#8221;. Lo ha detto il ministro degli Esteri, Luigi Di Maio, ospite di Non stop news su Rtl. &#8220;Fino alla fine dell&#8217;anno &#8211; ha aggiunto &#8211; perch\u00e8 questa \u00e8 una misura emergenziale, ma mentre noi diamo respiro alle imprese dobbiamo ottenere il tetto massimo al prezzo del gas. Non credo che riusciremo ad ottenerlo all&#8217;interno del governo Draghi con Salvini e il centrodestra che non sono d&#8217;accordo con il tetto massimo al prezzo del gas, un obiettivo che dobbiamo ottenere a livello europeo. Ma \u00e8 anche una sanzione a Putin, perch\u00e8 se diciamo che il prezzo del gas non deve andare oltre a una cifra in tutta Europa, noi diamo meno soldi a Putin. C&#8217;\u00e8 un&#8217;ambiguit\u00e0 della coalizione di Destra su questo che sta bloccando l&#8217;azione del nostro governo che \u00e8 in carica con gli affari correnti, quindi non pu\u00f2 fare tutto su questo versante e l&#8217;hanno fatto cadere questo governo Salvini e Conte&#8221;.<br \/>(ITALPRESS).<br \/>-foto agenziafotogramma.it-<\/div>\n<div id=\"div-gpt-ad-Messinaoggi.it-DSK-300x250-corpoart\" style=\"text-align:center;margin:0 auto;\"><\/div><\/p><div id=\"videoincontent\" style=\"clear:both\";><\/div>","protected":false},"excerpt":{"rendered":"<p>ROMA (ITALPRESS) &#8211; &#8220;Noi ieri come Impegno Civico abbiamo presentato la nostra proposta. Serve un decreto taglia bollette che paghi alle imprese l&#8217;80% della bolletta, perch\u00e8 ci sono imprenditori che a luglio di quest&#8217;anno hanno pagato una bolletta dieci volte pi\u00f9 alta dello scorso anno. Se non paghiamo l&#8217;80% delle bollette alle imprese, l&#8217;unica cosa [&hellip;]<\/p>\n","protected":false},"author":18,"featured_media":119605,"comment_status":"closed","ping_status":"closed","sticky":false,"template":"","format":"standard","meta":{"ub_ctt_via":"","_mi_skip_tracking":false},"categories":[446],"tags":[783],"featured_image_src":"https:\/\/www.messinaoggi.it\/website\/wp-content\/uploads\/2022\/08\/20220830_1161.jpg","author_info":{"display_name":"Admin","author_link":"https:\/\/www.messinaoggi.it\/website\/author\/admin\/"},"digistream_id":0,"digistream":false,"_links":{"self":[{"href":"https:\/\/www.messinaoggi.it\/website\/wp-json\/wp\/v2\/posts\/119604"}],"collection":[{"href":"https:\/\/www.messinaoggi.it\/website\/wp-json\/wp\/v2\/posts"}],"about":[{"href":"https:\/\/www.messinaoggi.it\/website\/wp-json\/wp\/v2\/types\/post"}],"author":[{"embeddable":true,"href":"https:\/\/www.messinaoggi.it\/website\/wp-json\/wp\/v2\/users\/18"}],"replies":[{"embeddable":true,"href":"https:\/\/www.messinaoggi.it\/website\/wp-json\/wp\/v2\/comments?post=119604"}],"version-history":[{"count":0,"href":"https:\/\/www.messinaoggi.it\/website\/wp-json\/wp\/v2\/posts\/119604\/revisions"}],"wp:featuredmedia":[{"embeddable":true,"href":"https:\/\/www.messinaoggi.it\/website\/wp-json\/wp\/v2\/media\/119605"}],"wp:attachment":[{"href":"https:\/\/www.messinaoggi.it\/website\/wp-json\/wp\/v2\/media?parent=119604"}],"wp:term":[{"taxonomy":"category","embeddable":true,"href":"https:\/\/www.messinaoggi.it\/website\/wp-json\/wp\/v2\/categories?post=119604"},{"taxonomy":"post_tag","embeddable":true,"href":"https:\/\/www.messinaoggi.it\/website\/wp-json\/wp\/v2\/tags?post=119604"}],"curies":[{"name":"wp","href":"https:\/\/api.w.org\/{rel}","templated":true}]}}