{"id":11957,"date":"2017-11-25T14:29:33","date_gmt":"2017-11-25T13:29:33","guid":{"rendered":"http:\/\/www.messinaoggi.it\/website\/?p=11957"},"modified":"2017-11-25T14:29:33","modified_gmt":"2017-11-25T13:29:33","slug":"dai-borghi-marinari-ai-peloritani-la-terrazza-sullo-stretto-sara-brand-territoriale-per-circuiti-turistici","status":"publish","type":"post","link":"https:\/\/www.messinaoggi.it\/website\/2017\/11\/25\/dai-borghi-marinari-ai-peloritani-la-terrazza-sullo-stretto-sara-brand-territoriale-per-circuiti-turistici\/","title":{"rendered":"Dai Borghi Marinari ai Peloritani, \u201cLa Terrazza sullo Stretto\u201d sar\u00e0 Brand territoriale per circuiti turistici"},"content":{"rendered":"<p style=\"text-align: justify\">Un modo nuovo di fare turismo \u201ca chilometri zero\u201d verr\u00e0 mostrato per 3 giorni, come progetto pilota, all\u2019interno di un evento di presentazione da svolgersi tra il prossimo 8 e 10 dicembre, a Forte dei Centri Salice. Tutti potranno partecipare a un <strong>cammino di appartenenza per supportare l\u2019Amministrazione Accorinti<\/strong> nelle iniziative che ci si propone di costruire in quelle aree. <strong>Questa \u00e8 l\u2019idea dell\u2019Associazione \u201cIn Viaggio con GOETHE\u201d che, questa mattina al Comune, ha illustrato, con la sua Presidente Roberta Conigliaro e il consigliere della VI Circoscrizione, Giuseppe San\u00f2 il progetto, \u201cLa Terrazza sullo Stretto\u201d che si trasformer\u00e0 in un Brand territoriale. <\/strong><div id=\"div-gpt-ad-Messinaoggi.it-DSK-300x250-corpoart\" style=\"text-align:center;margin:0 auto;\"><\/div><\/p>\n<p style=\"text-align: justify\">Il piano racchiude il Prodotto Turistico Messina che verr\u00e0 esplicitato con un team di lavoro, identificato in una Comunit\u00e0 Locale che catalizzi diverse realt\u00e0 e competenze, secondo il modello di Motris sul Turismo Relazionale redatto dallo Studio Urbani e dall\u2019Universit\u00e0 di Palermo ed approvato dalla Regione Siciliana e mai avviato in questo ambito territoriale.<div id=\"videoincontent\" style=\"clear:both\";><\/div><\/p>\n<p style=\"text-align: justify\"><img loading=\"lazy\" class=\"alignnone size-medium wp-image-11938\" src=\"http:\/\/www.messinaoggi.it\/website\/wp-content\/uploads\/2017\/11\/terrazza-sullo-stretto-RRP_5399-300x200.jpg\" alt=\"\" width=\"300\" height=\"200\" \/>\u201cAttraverso un\u2019ampia gamma di professionisti, intendiamo elevare turisticamente quei paesi e frazioni poco conosciuti \u2013 chiarisce Corigliano &#8211; che vantano, nel loro patrimonio naturalistico, il loro punto di forza, individuando nella citt\u00e0 di Messina<strong> &#8216;La Terrazza sullo Stretto&#8217; <\/strong>che <strong>comprende: Le Borgate Marinare di Ganzirri e Torre Faro, Capo Peloro e i due laghi, attraverso l\u2019incentivazione di attivit\u00e0 locali tipiche, creazione di un circuito turistico costiero da rilanciare da Mortelle sino ad Ortoliuzzo; rete per la promozione dei Forti Umbertini che tracciano totalmente l\u2019area in oggetto; percorsi Colli San Rizzo, Dinnammare e la dorsale dei Peloritani che abbraccia la citt\u00e0 per realizzare il turismo attivo e del benessere; Sviluppo e promozione in rete dei villaggi collinari, estrapolando tutte le vocazioni locali, le attivit\u00e0 e i siti di pregio e focalizzando l\u2019enorme potenziale enogastronomico di questi piccoli villaggi; Gesso, Salice, Castanea, le 4 Masse ed in particolare Massa San Nicola il Borgo spopolato e Curcuraci; Viaggio di Goethe a Messina, storia, aneddoti e percorsi del celebre scrittore nel suo Tour siciliano<\/strong>\u201d.<\/p>\n<p style=\"text-align: justify\">Si punta a valorizzare queste aree incoraggiandone il proprio inserimento in circuiti commerciali che possano divulgare il prodotto Messina ovunque.<\/p>\n<p style=\"text-align: justify\">Occorre analizzare e censire cosa offre un territorio, creando percorsi tematici destagionalizzati in sinergia tra divertimento, relax e approfondimento delle conoscenze del territorio; dunque paesaggio, storia, arte, sapori, mestieri ed attivit\u00e0 legate al mondo rurale o con le antiche realt\u00e0 marinare.<\/p>\n<p style=\"text-align: justify\">L\u2019obiettivo finale sar\u00e0, attraverso la gestione di Uffici Turistici locali de \u201cIn Viaggio con GOETHE\u201d, creare un grande portale che venda, anche attraverso gli strumenti dell\u2019e-commerce, queste realt\u00e0 sconosciute che si andranno ad affermare, realizzando il turismo relazionale insieme agli operatori commerciali e turistici di ogni area ed alle associazioni ed alle pro loco che vivono il territorio e possono aiutare a rilanciare siti poco noti.<\/p>\n<p style=\"text-align: justify\">Il riferimento su cui avvieremo attivit\u00e0 didattiche e promozionali e turistiche sar\u00e0 Forte dei Centri a Salice e vuol essere un Eco Museo Itinerante tra i villaggi messinesi.<\/p>\n<p style=\"text-align: right\"><strong>Foto Rocco Papandrea \u00a0<\/strong><\/p>\n","protected":false},"excerpt":{"rendered":"<p>Un modo nuovo di fare turismo \u201ca chilometri zero\u201d verr\u00e0 mostrato per 3 giorni, come progetto pilota, all\u2019interno di un evento di presentazione da svolgersi tra il prossimo 8 e 10 dicembre, a Forte dei Centri Salice. Tutti potranno partecipare a un cammino di appartenenza per supportare l\u2019Amministrazione Accorinti nelle iniziative che ci si propone [&hellip;]<\/p>\n","protected":false},"author":7,"featured_media":11937,"comment_status":"closed","ping_status":"open","sticky":false,"template":"","format":"standard","meta":{"ub_ctt_via":"","_mi_skip_tracking":false},"categories":[4],"tags":[],"featured_image_src":"https:\/\/www.messinaoggi.it\/website\/wp-content\/uploads\/2017\/11\/terrazza-sullo-stretto-RRP_5391.jpg","author_info":{"display_name":"Redazione1","author_link":"https:\/\/www.messinaoggi.it\/website\/author\/redazione1\/"},"digistream_id":0,"digistream":false,"_links":{"self":[{"href":"https:\/\/www.messinaoggi.it\/website\/wp-json\/wp\/v2\/posts\/11957"}],"collection":[{"href":"https:\/\/www.messinaoggi.it\/website\/wp-json\/wp\/v2\/posts"}],"about":[{"href":"https:\/\/www.messinaoggi.it\/website\/wp-json\/wp\/v2\/types\/post"}],"author":[{"embeddable":true,"href":"https:\/\/www.messinaoggi.it\/website\/wp-json\/wp\/v2\/users\/7"}],"replies":[{"embeddable":true,"href":"https:\/\/www.messinaoggi.it\/website\/wp-json\/wp\/v2\/comments?post=11957"}],"version-history":[{"count":0,"href":"https:\/\/www.messinaoggi.it\/website\/wp-json\/wp\/v2\/posts\/11957\/revisions"}],"wp:featuredmedia":[{"embeddable":true,"href":"https:\/\/www.messinaoggi.it\/website\/wp-json\/wp\/v2\/media\/11937"}],"wp:attachment":[{"href":"https:\/\/www.messinaoggi.it\/website\/wp-json\/wp\/v2\/media?parent=11957"}],"wp:term":[{"taxonomy":"category","embeddable":true,"href":"https:\/\/www.messinaoggi.it\/website\/wp-json\/wp\/v2\/categories?post=11957"},{"taxonomy":"post_tag","embeddable":true,"href":"https:\/\/www.messinaoggi.it\/website\/wp-json\/wp\/v2\/tags?post=11957"}],"curies":[{"name":"wp","href":"https:\/\/api.w.org\/{rel}","templated":true}]}}