{"id":11955,"date":"2017-11-25T16:17:13","date_gmt":"2017-11-25T15:17:13","guid":{"rendered":"http:\/\/www.messinaoggi.it\/website\/?p=11955"},"modified":"2017-11-25T16:17:13","modified_gmt":"2017-11-25T15:17:13","slug":"messina-senza-bruno-e-migliorini-nella-palmese-torna-gagliardi","status":"publish","type":"post","link":"https:\/\/www.messinaoggi.it\/website\/2017\/11\/25\/messina-senza-bruno-e-migliorini-nella-palmese-torna-gagliardi\/","title":{"rendered":"Messina senza Bruno e Migliorini. Nella Palmese torna Gagliardi"},"content":{"rendered":"<p>Il Messina, impegnato domani alle 14:30 al <em>Giuseppe Lopresti <\/em>di Palmi, punta a proseguire sulla stessa linea delle ultime giornate per uscire fuori definitivamente dalla zona a rischio della classifica e rilanciarsi verso posizioni pi\u00f9 consone a quelle che erano le intenzioni e le previsioni della scorsa estate.<br \/>\nI padroni di casa sono reduci da ben cinque sconfitte di fila &#8211; Acireale e Troina in Calabria, Gelbison, Roccella e Vibonese in trasferta &#8211; e occupano il sedicesimo posto della graduatoria con soli 8 punti (ai neroverdi sono stati tolti 5 punti a causa di alcuni mancati pagamenti nei confronti di un tesserato della stagione 2015-16 e di due ex allenatori). Mister Pellicori, allontanato dopo la sconfitta di Vibo di domenica scorsa e richiamato al timone della squadra due giorni dopo, \u00e8 obbligato a condurre i suoi alla conquista dei tre punti. L\u2019ex bomber di Cosenza, Lecce, Avellino e Qpr domani confermer\u00e0 Franza tra i pali. Si accomoder\u00e0 in panchina Ivan Sanavia, portiere classe 1998, nella passata stagione nel settore giovanile biancoscudato. La linea difensiva verr\u00e0 composta da Meringolo (1999), Gomes, Colombatti e Misale; a centrocampo largo a Di Dioniso, Dodaro (1997) e Galeano (1998); in attacco l\u2019ex Bari e Reggina Mattia Gagliardi, capocannoniere interno con 7 reti, rientra dalla squalifica e verr\u00e0 coadiuvato da La Piane e Molinaro (1998).<br \/>\nModica tiene alta la concentrazione dei suoi per evitare che possano lasciarsi condizionare dal momento negativo dei calabresi. Domani mancheranno ancora Bruno e Migliorini, sulla via della guarigione dalla fascite plantare: le buone prestazioni di Pezzella consentono al centrocampista scuola Udinese di non forzare e di evitare ulteriori rischi. Nella lista dei convocati anche Prisco, ormai definitivamente recuperato, che per\u00f2 dovrebbe lasciare nuovamente a Meo la protezione della porta biancoscudata. In difesa ci saranno Lia (1997), Manetta, Colombini (diffidato) ed uno tra Cozzolino (1998) e Polito (1999) con quest\u2019ultimo leggermente in vantaggio. Il reparto mediano ormai rappresenta il punto fermo dello schieramento di mister Modica e vedr\u00e0 la conferma di Maiorano, Pezzella e Lavrendi. In avanti Rosafio occuper\u00e0 la corsia di destra, Cocuzza quella di sinistra e Mascari (1999) agir\u00e0 da punta centrale.<br \/>\nPALMESE (4-3-3): Franza; Meringolo, Gomes, Colombatti, Misale; Di Dioniso, Dodaro, Galeano; Molinaro, Gagliardi, La Piane.<br \/>\nMESSINA (4-3-3): Meo; Lia, Manetta, Colombini, Polito; Maiorano, Pezzella, Lavrendi; Rosafio, Mascari, Cocuzza.<br \/>\n<strong>Foto di Rocco Papandrea<\/strong><div id=\"div-gpt-ad-Messinaoggi.it-DSK-300x250-corpoart\" style=\"text-align:center;margin:0 auto;\"><\/div><\/p>\n<div id=\"videoincontent\" style=\"clear:both\";><\/div>","protected":false},"excerpt":{"rendered":"<p>Il Messina, impegnato domani alle 14:30 al Giuseppe Lopresti di Palmi, punta a proseguire sulla stessa linea delle ultime giornate per uscire fuori definitivamente dalla zona a rischio della classifica e rilanciarsi verso posizioni pi\u00f9 consone a quelle che erano le intenzioni e le previsioni della scorsa estate. I padroni di casa sono reduci da [&hellip;]<\/p>\n","protected":false},"author":13,"featured_media":11606,"comment_status":"closed","ping_status":"open","sticky":false,"template":"","format":"standard","meta":{"ub_ctt_via":"","_mi_skip_tracking":false},"categories":[10,9],"tags":[],"featured_image_src":"https:\/\/www.messinaoggi.it\/website\/wp-content\/uploads\/2017\/11\/azione-di-mascariRRP_4655.jpg","author_info":{"display_name":"Alessandro Tavani","author_link":"https:\/\/www.messinaoggi.it\/website\/author\/a-tavani\/"},"digistream_id":0,"digistream":false,"_links":{"self":[{"href":"https:\/\/www.messinaoggi.it\/website\/wp-json\/wp\/v2\/posts\/11955"}],"collection":[{"href":"https:\/\/www.messinaoggi.it\/website\/wp-json\/wp\/v2\/posts"}],"about":[{"href":"https:\/\/www.messinaoggi.it\/website\/wp-json\/wp\/v2\/types\/post"}],"author":[{"embeddable":true,"href":"https:\/\/www.messinaoggi.it\/website\/wp-json\/wp\/v2\/users\/13"}],"replies":[{"embeddable":true,"href":"https:\/\/www.messinaoggi.it\/website\/wp-json\/wp\/v2\/comments?post=11955"}],"version-history":[{"count":0,"href":"https:\/\/www.messinaoggi.it\/website\/wp-json\/wp\/v2\/posts\/11955\/revisions"}],"wp:featuredmedia":[{"embeddable":true,"href":"https:\/\/www.messinaoggi.it\/website\/wp-json\/wp\/v2\/media\/11606"}],"wp:attachment":[{"href":"https:\/\/www.messinaoggi.it\/website\/wp-json\/wp\/v2\/media?parent=11955"}],"wp:term":[{"taxonomy":"category","embeddable":true,"href":"https:\/\/www.messinaoggi.it\/website\/wp-json\/wp\/v2\/categories?post=11955"},{"taxonomy":"post_tag","embeddable":true,"href":"https:\/\/www.messinaoggi.it\/website\/wp-json\/wp\/v2\/tags?post=11955"}],"curies":[{"name":"wp","href":"https:\/\/api.w.org\/{rel}","templated":true}]}}