{"id":119472,"date":"2022-08-29T17:03:07","date_gmt":"2022-08-29T15:03:07","guid":{"rendered":"https:\/\/www.messinaoggi.it\/website\/2022\/08\/29\/schifani-la-sicilia-non-e-andata-indietro-ma-ce-da-lavorare\/"},"modified":"2022-08-29T17:03:07","modified_gmt":"2022-08-29T15:03:07","slug":"schifani-la-sicilia-non-e-andata-indietro-ma-ce-da-lavorare","status":"publish","type":"post","link":"https:\/\/www.messinaoggi.it\/website\/2022\/08\/29\/schifani-la-sicilia-non-e-andata-indietro-ma-ce-da-lavorare\/","title":{"rendered":"Schifani \u201cLa Sicilia non \u00e8 andata indietro, ma c\u2019\u00e8 da lavorare\u201d"},"content":{"rendered":"<div>\n<p>CATANIA (ITALPRESS) \u2013 \u201cHo gi\u00e0 sentito e incontrer\u00f2 a breve il presidente Nello Musumeci per parlare dei temi pi\u00f9 delicati. Trovo una Sicilia che non \u00e8 andata indietro, che ha affrontato con grande coraggio la pandemia, che ha aumentato il Pil, che ha ottenuto l\u2019inserimento del principio dell\u2019insularit\u00e0 in Costituzione che consentir\u00e0 ai siciliani un gettito maggiore. Non trovo, quindi, una Sicilia in grandissima sofferenza, ma c\u2019\u00e8 da lavorare per farla ripartire ancora di pi\u00f9\u201d. Lo ha detto il candidato presidente del Centrodestra alle Regionali in Sicilia Renato Schifani, oggi a Catania, a margine di un incontro con i candidati di Forza Italia all\u2019Ars e i militanti azzurri. (ITALPRESS).<div id=\"div-gpt-ad-Messinaoggi.it-DSK-300x250-corpoart\" style=\"text-align:center;margin:0 auto;\"><\/div><\/p>\n<\/div>\n<div id=\"videoincontent\" style=\"clear:both\";><\/div>","protected":false},"excerpt":{"rendered":"<p>CATANIA (ITALPRESS) \u2013 \u201cHo gi\u00e0 sentito e incontrer\u00f2 a breve il presidente Nello Musumeci per parlare dei temi pi\u00f9 delicati. Trovo una Sicilia che non \u00e8 andata indietro, che ha affrontato con grande coraggio la pandemia, che ha aumentato il Pil, che ha ottenuto l\u2019inserimento del principio dell\u2019insularit\u00e0 in Costituzione che consentir\u00e0 ai siciliani un [&hellip;]<\/p>\n","protected":false},"author":18,"featured_media":119473,"comment_status":"closed","ping_status":"closed","sticky":false,"template":"","format":"standard","meta":{"ub_ctt_via":"","_mi_skip_tracking":false},"categories":[2449],"tags":[783],"featured_image_src":"https:\/\/www.messinaoggi.it\/website\/wp-content\/uploads\/2022\/08\/20220829_1455.jpg","author_info":{"display_name":"Admin","author_link":"https:\/\/www.messinaoggi.it\/website\/author\/admin\/"},"digistream_id":0,"digistream":false,"_links":{"self":[{"href":"https:\/\/www.messinaoggi.it\/website\/wp-json\/wp\/v2\/posts\/119472"}],"collection":[{"href":"https:\/\/www.messinaoggi.it\/website\/wp-json\/wp\/v2\/posts"}],"about":[{"href":"https:\/\/www.messinaoggi.it\/website\/wp-json\/wp\/v2\/types\/post"}],"author":[{"embeddable":true,"href":"https:\/\/www.messinaoggi.it\/website\/wp-json\/wp\/v2\/users\/18"}],"replies":[{"embeddable":true,"href":"https:\/\/www.messinaoggi.it\/website\/wp-json\/wp\/v2\/comments?post=119472"}],"version-history":[{"count":0,"href":"https:\/\/www.messinaoggi.it\/website\/wp-json\/wp\/v2\/posts\/119472\/revisions"}],"wp:featuredmedia":[{"embeddable":true,"href":"https:\/\/www.messinaoggi.it\/website\/wp-json\/wp\/v2\/media\/119473"}],"wp:attachment":[{"href":"https:\/\/www.messinaoggi.it\/website\/wp-json\/wp\/v2\/media?parent=119472"}],"wp:term":[{"taxonomy":"category","embeddable":true,"href":"https:\/\/www.messinaoggi.it\/website\/wp-json\/wp\/v2\/categories?post=119472"},{"taxonomy":"post_tag","embeddable":true,"href":"https:\/\/www.messinaoggi.it\/website\/wp-json\/wp\/v2\/tags?post=119472"}],"curies":[{"name":"wp","href":"https:\/\/api.w.org\/{rel}","templated":true}]}}