{"id":119470,"date":"2022-08-29T16:02:57","date_gmt":"2022-08-29T14:02:57","guid":{"rendered":"https:\/\/www.messinaoggi.it\/website\/2022\/08\/29\/meloni-il-blocco-navale-inteso-come-atto-di-guerra-e-una-fake-news\/"},"modified":"2022-08-29T18:18:20","modified_gmt":"2022-08-29T16:18:20","slug":"meloni-il-blocco-navale-inteso-come-atto-di-guerra-e-una-fake-news","status":"publish","type":"post","link":"https:\/\/www.messinaoggi.it\/website\/2022\/08\/29\/meloni-il-blocco-navale-inteso-come-atto-di-guerra-e-una-fake-news\/","title":{"rendered":"Meloni \u201cIl blocco navale inteso come atto di guerra \u00e8 una fake news\u201d"},"content":{"rendered":"<div>\n<p>MESSINA (ITALPRESS) \u2013 \u201cIl blocco navale inteso come atto di guerra \u00e8 una fake news, quello che continuo a pensare \u00e8 che si debba fare una missione europea per bloccare le partenze in collaborazione con le autorit\u00e0 libiche\u201d. Cos\u00ec Giorgia Meloni stamane al mercato Vascone di Messina per la campagna elettorale. \u201cL\u2019Europa ha trattato con la Turchia, ad esempio, la rotta di migranti che arrivavano da est \u00e8 stata fermata, non si capisce perch\u00e8 l\u2019Italia invece \u00e8 stata abbandonata sul versante mediterraneo. Serve una missione concordata con l\u2019Unione Europea per stabilire in Africa chi ha diritto ad essere rifugiato e accogliere solo queste persone, piuttosto che accettare migliaia di immigrati clandestini come sta facendo l\u2019attuale Governo, senza alcun controllo\u201d.<br \/>foto xd9 Italpress<br \/>(ITALPRESS).<div id=\"div-gpt-ad-Messinaoggi.it-DSK-300x250-corpoart\" style=\"text-align:center;margin:0 auto;\"><\/div><\/p>\n<\/div>\n<div id=\"videoincontent\" style=\"clear:both\";><\/div>","protected":false},"excerpt":{"rendered":"<p>MESSINA (ITALPRESS) \u2013 \u201cIl blocco navale inteso come atto di guerra \u00e8 una fake news, quello che continuo a pensare \u00e8 che si debba fare una missione europea per bloccare le partenze in collaborazione con le autorit\u00e0 libiche\u201d. Cos\u00ec Giorgia Meloni stamane al mercato Vascone di Messina per la campagna elettorale. \u201cL\u2019Europa ha trattato con [&hellip;]<\/p>\n","protected":false},"author":18,"featured_media":119471,"comment_status":"closed","ping_status":"closed","sticky":false,"template":"","format":"standard","meta":{"ub_ctt_via":"","_mi_skip_tracking":false},"categories":[6,2449],"tags":[783],"featured_image_src":"https:\/\/www.messinaoggi.it\/website\/wp-content\/uploads\/2022\/08\/20220829_1143.jpg","author_info":{"display_name":"Admin","author_link":"https:\/\/www.messinaoggi.it\/website\/author\/admin\/"},"digistream_id":0,"digistream":false,"_links":{"self":[{"href":"https:\/\/www.messinaoggi.it\/website\/wp-json\/wp\/v2\/posts\/119470"}],"collection":[{"href":"https:\/\/www.messinaoggi.it\/website\/wp-json\/wp\/v2\/posts"}],"about":[{"href":"https:\/\/www.messinaoggi.it\/website\/wp-json\/wp\/v2\/types\/post"}],"author":[{"embeddable":true,"href":"https:\/\/www.messinaoggi.it\/website\/wp-json\/wp\/v2\/users\/18"}],"replies":[{"embeddable":true,"href":"https:\/\/www.messinaoggi.it\/website\/wp-json\/wp\/v2\/comments?post=119470"}],"version-history":[{"count":1,"href":"https:\/\/www.messinaoggi.it\/website\/wp-json\/wp\/v2\/posts\/119470\/revisions"}],"predecessor-version":[{"id":119487,"href":"https:\/\/www.messinaoggi.it\/website\/wp-json\/wp\/v2\/posts\/119470\/revisions\/119487"}],"wp:featuredmedia":[{"embeddable":true,"href":"https:\/\/www.messinaoggi.it\/website\/wp-json\/wp\/v2\/media\/119471"}],"wp:attachment":[{"href":"https:\/\/www.messinaoggi.it\/website\/wp-json\/wp\/v2\/media?parent=119470"}],"wp:term":[{"taxonomy":"category","embeddable":true,"href":"https:\/\/www.messinaoggi.it\/website\/wp-json\/wp\/v2\/categories?post=119470"},{"taxonomy":"post_tag","embeddable":true,"href":"https:\/\/www.messinaoggi.it\/website\/wp-json\/wp\/v2\/tags?post=119470"}],"curies":[{"name":"wp","href":"https:\/\/api.w.org\/{rel}","templated":true}]}}