{"id":119415,"date":"2022-08-29T11:07:51","date_gmt":"2022-08-29T09:07:51","guid":{"rendered":"https:\/\/www.messinaoggi.it\/website\/2022\/08\/29\/capello-serie-a-piu-divertente-il-milan-puo-ripetersi\/"},"modified":"2022-08-29T18:33:47","modified_gmt":"2022-08-29T16:33:47","slug":"capello-serie-a-piu-divertente-il-milan-puo-ripetersi","status":"publish","type":"post","link":"https:\/\/www.messinaoggi.it\/website\/2022\/08\/29\/capello-serie-a-piu-divertente-il-milan-puo-ripetersi\/","title":{"rendered":"Capello \u201cSerie A pi\u00f9 divertente, il Milan pu\u00f2 ripetersi\u201d"},"content":{"rendered":"<div>ROMA (ITALPRESS) &#8211; &#8220;Vedo maggiore equilibrio e tante partite gradevoli. Gli allenatori hanno capito che il calcio \u00e8 aggressivit\u00e0 e verticalizzazione. E poi faccio i complimenti agli arbitri: stanno fischiando meno, stiamo vedendo un calcio internazionale. Dobbiamo per\u00f2 rieducare la gente e i giocatori: mi spiace vedere proteste inutili, \u00e8 un vero peccato rovinare lo spettacolo&#8221;. Questa l&#8217;idea di Fabio Capello sulle prime tre giornate di Serie A. &#8220;Quest&#8217;anno hanno fatto tutti una preparazione sprint perch\u00e8 poi ci sono i Mondiali &#8211; ha aggiunto l&#8217;ex tecnico, intervenuto a &#8220;Radio anch&#8217;io sport&#8221; su Rai Radio 1 &#8211; Ho visto grande velocit\u00e0, grande pressing e determinazione&#8221;. Per Capello il Milan pu\u00f2 ripetersi: &#8220;E&#8217; partito molto bene, ha creato un ambiente, una mentalit\u00e0. Mi sembra ci sia il gruppo&#8221;, ha sottolineato l&#8217;ex allenatore, &#8220;impressionato&#8221; da De Ketelaere: &#8220;Ha grande velocit\u00e0, quando parte ha un cambio di ritmo che ricorda Kak\u00e0. Come qualit\u00e0 mi ricorda Rivera: non \u00e8 fine a s\u00e8 stesso, ma gioca per la squadra e ogni volta che ce l&#8217;ha crea un pericolo&#8221;.<br \/>&#8220;L&#8217;Inter invece deve ritrovarsi. Mi sembra sia un p\u00f2 in confusione &#8211; ha proseguito Capello &#8211; E&#8217; partita con i favori del pronostico ma non \u00e8 la stessa squadra. Dipende molto da Inzaghi. Paredes per la Juve? Pi\u00f9 che altro Allegri deve recuperare Di Maria, Chiesa e Pogba, poi sar\u00e0 un&#8217;altra squadra&#8221;, ha rimarcato l&#8217;ex tecnico che ha grande fiducia nella Roma di Mourinho. &#8220;Il portoghese ha idee chiare, la squadra \u00e8 ambiziosa. Le sue dichiarazioni sono state molto forti, Mourinho \u00e8 una volpe e ha capito come stimolare tutti: la Roma sar\u00e0 protagonista&#8221;. Infine una battuta sulle voci di mercato che vorrebbero Ronaldo al Napoli e Osimhen al Manchester United: &#8220;De Laurentiis \u00e8 uno dei presidenti che sa fara bene i conti. Ronaldo porta 20-25 gol in dote, ma \u00e8 altrettanto vero che perderebbe un attaccante giovane e forte come Osimhen. E&#8217; una questione di soldi, numeri e prospettive: la dirigenza del Napoli sa come muoversi&#8221;, ha concluso Capello.<br \/>&#8211; Foto Image &#8211;<br \/>(ITALPRESS).<\/div>\n<div id=\"div-gpt-ad-Messinaoggi.it-DSK-300x250-corpoart\" style=\"text-align:center;margin:0 auto;\"><\/div><\/p><div id=\"videoincontent\" style=\"clear:both\";><\/div>","protected":false},"excerpt":{"rendered":"<p>ROMA (ITALPRESS) &#8211; &#8220;Vedo maggiore equilibrio e tante partite gradevoli. Gli allenatori hanno capito che il calcio \u00e8 aggressivit\u00e0 e verticalizzazione. E poi faccio i complimenti agli arbitri: stanno fischiando meno, stiamo vedendo un calcio internazionale. Dobbiamo per\u00f2 rieducare la gente e i giocatori: mi spiace vedere proteste inutili, \u00e8 un vero peccato rovinare lo [&hellip;]<\/p>\n","protected":false},"author":18,"featured_media":119416,"comment_status":"closed","ping_status":"closed","sticky":false,"template":"","format":"standard","meta":{"ub_ctt_via":"","_mi_skip_tracking":false},"categories":[10,446,9],"tags":[783],"featured_image_src":"https:\/\/www.messinaoggi.it\/website\/wp-content\/uploads\/2022\/08\/20220829_0207.jpg","author_info":{"display_name":"Admin","author_link":"https:\/\/www.messinaoggi.it\/website\/author\/admin\/"},"digistream_id":0,"digistream":false,"_links":{"self":[{"href":"https:\/\/www.messinaoggi.it\/website\/wp-json\/wp\/v2\/posts\/119415"}],"collection":[{"href":"https:\/\/www.messinaoggi.it\/website\/wp-json\/wp\/v2\/posts"}],"about":[{"href":"https:\/\/www.messinaoggi.it\/website\/wp-json\/wp\/v2\/types\/post"}],"author":[{"embeddable":true,"href":"https:\/\/www.messinaoggi.it\/website\/wp-json\/wp\/v2\/users\/18"}],"replies":[{"embeddable":true,"href":"https:\/\/www.messinaoggi.it\/website\/wp-json\/wp\/v2\/comments?post=119415"}],"version-history":[{"count":1,"href":"https:\/\/www.messinaoggi.it\/website\/wp-json\/wp\/v2\/posts\/119415\/revisions"}],"predecessor-version":[{"id":119496,"href":"https:\/\/www.messinaoggi.it\/website\/wp-json\/wp\/v2\/posts\/119415\/revisions\/119496"}],"wp:featuredmedia":[{"embeddable":true,"href":"https:\/\/www.messinaoggi.it\/website\/wp-json\/wp\/v2\/media\/119416"}],"wp:attachment":[{"href":"https:\/\/www.messinaoggi.it\/website\/wp-json\/wp\/v2\/media?parent=119415"}],"wp:term":[{"taxonomy":"category","embeddable":true,"href":"https:\/\/www.messinaoggi.it\/website\/wp-json\/wp\/v2\/categories?post=119415"},{"taxonomy":"post_tag","embeddable":true,"href":"https:\/\/www.messinaoggi.it\/website\/wp-json\/wp\/v2\/tags?post=119415"}],"curies":[{"name":"wp","href":"https:\/\/api.w.org\/{rel}","templated":true}]}}