{"id":11941,"date":"2017-11-25T11:32:23","date_gmt":"2017-11-25T10:32:23","guid":{"rendered":"http:\/\/www.messinaoggi.it\/website\/?p=11941"},"modified":"2017-11-25T11:32:23","modified_gmt":"2017-11-25T10:32:23","slug":"zes-dello-stretto-capitalemessina-lancia-un-appello-a-musumeci","status":"publish","type":"post","link":"https:\/\/www.messinaoggi.it\/website\/2017\/11\/25\/zes-dello-stretto-capitalemessina-lancia-un-appello-a-musumeci\/","title":{"rendered":"&quot;Zes dello Stretto&quot;, CapitaleMessina lancia l&#039;Sos"},"content":{"rendered":"<p>Si torna a parlare della &#8220;Zes dello Stretto&#8221; e CapitaleMessina si rivolge al neo presidente della Regione Musumeci, una sorta di S0s o, se volete, un appello disperato. &#8220;In attesa che a Palermo si definisca la squadra degli assessori regionali &#8211; scrive in un documento Gianfranco Salmeri &#8211; la politica non si pu\u00f2 fermare, perch\u00e9 ci sono tempi e scadenze delle quali tenere conto. Il riferimento in questo frangente \u00e8 alla legge sulle Zes, che prevede che il Governo possa istituire al massimo due zone economiche speciali per regione, su proposta del Presidente di quella interessata.<br \/>\nConsiderato che autorevoli esponenti governativi hanno in pi\u00f9 occasioni indicato Catania-Augusta e Palermocome sedi delle future Zes siciliane e che a breve (i sessanta giorni di prammatica sono gi\u00e0 stati superati), seguiranno i decreti attuativi della Presidenza del Consiglio, \u00e8 necessario agire prima che i giochi siano fatti, per evitare che Messina sia l\u2019unica citt\u00e0 metropolitana del Sud a rimanere esclusa.<br \/>\nSembrer\u00e0 a qualcuno un argomento marginale, lontano dalle esigenze del cittadino comune, ma non \u00e8 cos\u00ec: le potenziali ricadute economiche delle ZES sui territori coinvolti sono enormi. E per conseguenza il possibile incremento in termini di posti di lavoro, tema che dovr\u00e0 essere al primo punto dell\u2019agenda del prossimo Governo regionale, ma anche della prossima amministrazione comunale.<br \/>\nLa soluzione auspicabile, per noi, sarebbe quella di emendare la legge 123\/17 per consentire l\u2019istituzione di una terza Zes siciliana autonoma, ma bisogna prepararsi anche ad ipotesi subordinate; ad esempio quella dell\u2019inclusione in altra istituenda Zes, grazie all\u2019art. 4 comma 2 della legge, che prevede che la Zona Economica Speciale possa essere costituita anche <em>da aree non territorialmente adiacenti purch\u00e9 presentino un nesso economico funzionale, e che comprendano al proprio interno almeno un&#8217;area portuale<\/em>.<br \/>\nSull\u2019argomento ci sembra interessante e da sostenere l\u2019iniziativa della Centro Mercantile Sicilia Spa, societ\u00e0 mista pubblica e privata, che gestisce una piattaforma logistica nell\u2019area retro portuale di Milazzo.<br \/>\nLa societ\u00e0 milazzese ha avviato una meritoria azione, in partnership con Autorit\u00e0 Portuale di Messina, Caronte&amp;Tourist e Camera di Commercio di Messina, per \u201cproporre l\u2019istituzione di una <em>ZES dello Stretto<\/em>\u201d che includa le aree retro portuali di Milazzo, Giammoro e Messina Tremestieri. Sottolineiamo come, una volta ancora, si conferminovitali il ruolo dell\u2019Autorit\u00e0 portuale per lo sviluppo del territorio e le ragioni della sua sopravvivenza.<br \/>\nNell\u2019istanza inviata al Presidente della Regione Siciliana si possono leggere alcune considerazioni assolutamente condivisibili, prima tra tutte <em>\u201cche i porti di Messina-Milazzo&#8230;sono stati compresi nell\u2019Autorit<\/em><em>\u00e0 <\/em><em>di sistema di Gioia Tauro, sul presupposto che venisse approvata la riforma della Costituzione che avrebbe trasferito allo Stato la potest<\/em><em>\u00e0 <\/em><em>legislativa esclusiva in materia di porti<\/em>\u201d, ipotesi invece bocciata al referendum del dicembre 2016; \u201c<em>che<\/em> -quindi- <em>la potest<\/em><em>\u00e0 <\/em><em>legislativa esclusiva della Regione Sicilia&#8230;non pu\u00f2 essere derogata da una legge ordinaria che attribuisce ad altro Ente pubblico interregionale, nel cui Comitato di gestione tra l\u2019altro la rappresentanza della Regione Sicilia non \u00e8 paritaria, l\u2019approvazione&#8230;dei piani regolatori di porti compresi nel territorio siciliano<\/em>\u201d e di conseguenza che \u201c<em>la proposta per la istituzione della Zes nelle aree retro portuali di Messina-Milazzo non pu\u00f2 legittimamente spettare alla Regione Calabria<\/em>\u201d.<br \/>\n\u00c8 di tutta evidenza, quindi, che qualora non si riuscisse ad ottenere una Zes messinese autonoma, la scelta obbligata dovrebbe essere quella dell\u2019affiliazione alla Zes palermitana o catanese, e non calabrese.<br \/>\nQuindi, in conclusione nel documento si chiede a Musumeci, e CapitaleMessina si associa alla richiesta, di <em>\u201cavviare con la tempestivit\u00e0 ed urgenza che il caso richiede, i contatti necessari nelle competenti sedi di Governo e porre in essere le iniziative utili a una corretta individuazione e delimitazione di tutte le aree della Regione Sicilia in possesso dei requisiti di legge per l\u2019istituzione della Zes, ed evitare discriminazioni ingiustificate tra le esistenti aree industriali regionali di sviluppo&#8230;\u201d.<\/em><br \/>\nE per evitare che, ancora una volta, si possa essere vittime di <em>\u201cdiscriminazioni ingiustificate\u201d<\/em>, \u00e8 necessario che la classe politica agisca in sinergia ed a sostegno delle iniziative delle forze sociali e produttive, che, come in questo caso, scommettono sullo sviluppo del nostro territorio, ed in tempi celeri. Ci auguriamo una pronta risposta politica da parte del presidente Musumeci&#8221;.<div id=\"div-gpt-ad-Messinaoggi.it-DSK-300x250-corpoart\" style=\"text-align:center;margin:0 auto;\"><\/div><\/p>\n<div id=\"videoincontent\" style=\"clear:both\";><\/div>","protected":false},"excerpt":{"rendered":"<p>Si torna a parlare della &#8220;Zes dello Stretto&#8221; e CapitaleMessina si rivolge al neo presidente della Regione Musumeci, una sorta di S0s o, se volete, un appello disperato. &#8220;In attesa che a Palermo si definisca la squadra degli assessori regionali &#8211; scrive in un documento Gianfranco Salmeri &#8211; la politica non si pu\u00f2 fermare, perch\u00e9 [&hellip;]<\/p>\n","protected":false},"author":2,"featured_media":7613,"comment_status":"closed","ping_status":"open","sticky":false,"template":"","format":"standard","meta":{"ub_ctt_via":"","_mi_skip_tracking":false},"categories":[19],"tags":[],"featured_image_src":"https:\/\/www.messinaoggi.it\/website\/wp-content\/uploads\/2017\/09\/porto-di-messina-navi-da-crociera-messinaoggi-2.jpg","author_info":{"display_name":"Redazione","author_link":"https:\/\/www.messinaoggi.it\/website\/author\/redazione\/"},"digistream_id":0,"digistream":false,"_links":{"self":[{"href":"https:\/\/www.messinaoggi.it\/website\/wp-json\/wp\/v2\/posts\/11941"}],"collection":[{"href":"https:\/\/www.messinaoggi.it\/website\/wp-json\/wp\/v2\/posts"}],"about":[{"href":"https:\/\/www.messinaoggi.it\/website\/wp-json\/wp\/v2\/types\/post"}],"author":[{"embeddable":true,"href":"https:\/\/www.messinaoggi.it\/website\/wp-json\/wp\/v2\/users\/2"}],"replies":[{"embeddable":true,"href":"https:\/\/www.messinaoggi.it\/website\/wp-json\/wp\/v2\/comments?post=11941"}],"version-history":[{"count":0,"href":"https:\/\/www.messinaoggi.it\/website\/wp-json\/wp\/v2\/posts\/11941\/revisions"}],"wp:featuredmedia":[{"embeddable":true,"href":"https:\/\/www.messinaoggi.it\/website\/wp-json\/wp\/v2\/media\/7613"}],"wp:attachment":[{"href":"https:\/\/www.messinaoggi.it\/website\/wp-json\/wp\/v2\/media?parent=11941"}],"wp:term":[{"taxonomy":"category","embeddable":true,"href":"https:\/\/www.messinaoggi.it\/website\/wp-json\/wp\/v2\/categories?post=11941"},{"taxonomy":"post_tag","embeddable":true,"href":"https:\/\/www.messinaoggi.it\/website\/wp-json\/wp\/v2\/tags?post=11941"}],"curies":[{"name":"wp","href":"https:\/\/api.w.org\/{rel}","templated":true}]}}