{"id":119377,"date":"2022-08-28T19:06:51","date_gmt":"2022-08-28T17:06:51","guid":{"rendered":"http:\/\/www.messinaoggi.it\/website\/?p=119377"},"modified":"2022-08-28T19:06:52","modified_gmt":"2022-08-28T17:06:52","slug":"salvata-in-mare-nello-stretto","status":"publish","type":"post","link":"https:\/\/www.messinaoggi.it\/website\/2022\/08\/28\/salvata-in-mare-nello-stretto\/","title":{"rendered":"Salvata in mare nello Stretto"},"content":{"rendered":"\n<p>Si \u00e8 lanciata volontariamente in mare o \u00e8 finita in acqua accidentalmente? \u00c8 un giallo il ritrovamento in mare di una donna straniera che &#8211; stando alle prime indiscrezioni &#8211; avrebbe rifiutato i soccorsi di Guardia costiera e carabinieri.<div id=\"div-gpt-ad-Messinaoggi.it-DSK-300x250-corpoart\" style=\"text-align:center;margin:0 auto;\"><\/div><\/p>\n\n\n\n<p>A lanciare l\u2019allarme sono stati alcuni diportisti che hanno avvisato la Guardia costiera.<div id=\"videoincontent\" style=\"clear:both\";><\/div><\/p>\n\n\n\n<p>La donna che non parlava italiano si \u00e8 fatta strascinare dalle correnti fino a giungere nei pressi di Torre Faro dove \u00e8 stata ripescata e soccorsa con un ambulanza del 118.<\/p>\n\n\n\n<p>La straniera \u00e8 stata condotta al Pronto soccorso del Papardo per le prime cure.<\/p>\n","protected":false},"excerpt":{"rendered":"<p>Si \u00e8 lanciata volontariamente in mare o \u00e8 finita in acqua accidentalmente? \u00c8 un giallo il ritrovamento in mare di una donna straniera che &#8211; stando alle prime indiscrezioni &#8211; avrebbe rifiutato i soccorsi di Guardia costiera e carabinieri. A lanciare l\u2019allarme sono stati alcuni diportisti che hanno avvisato la Guardia costiera. La donna che [&hellip;]<\/p>\n","protected":false},"author":2,"featured_media":119378,"comment_status":"open","ping_status":"open","sticky":false,"template":"","format":"standard","meta":{"ub_ctt_via":"","_mi_skip_tracking":false},"categories":[6],"tags":[4982,70],"featured_image_src":"https:\/\/www.messinaoggi.it\/website\/wp-content\/uploads\/2022\/08\/9D88552A-06B7-4251-8AA5-D5EE03B05A3D.jpeg","author_info":{"display_name":"Redazione","author_link":"https:\/\/www.messinaoggi.it\/website\/author\/redazione\/"},"digistream_id":0,"digistream":false,"_links":{"self":[{"href":"https:\/\/www.messinaoggi.it\/website\/wp-json\/wp\/v2\/posts\/119377"}],"collection":[{"href":"https:\/\/www.messinaoggi.it\/website\/wp-json\/wp\/v2\/posts"}],"about":[{"href":"https:\/\/www.messinaoggi.it\/website\/wp-json\/wp\/v2\/types\/post"}],"author":[{"embeddable":true,"href":"https:\/\/www.messinaoggi.it\/website\/wp-json\/wp\/v2\/users\/2"}],"replies":[{"embeddable":true,"href":"https:\/\/www.messinaoggi.it\/website\/wp-json\/wp\/v2\/comments?post=119377"}],"version-history":[{"count":1,"href":"https:\/\/www.messinaoggi.it\/website\/wp-json\/wp\/v2\/posts\/119377\/revisions"}],"predecessor-version":[{"id":119379,"href":"https:\/\/www.messinaoggi.it\/website\/wp-json\/wp\/v2\/posts\/119377\/revisions\/119379"}],"wp:featuredmedia":[{"embeddable":true,"href":"https:\/\/www.messinaoggi.it\/website\/wp-json\/wp\/v2\/media\/119378"}],"wp:attachment":[{"href":"https:\/\/www.messinaoggi.it\/website\/wp-json\/wp\/v2\/media?parent=119377"}],"wp:term":[{"taxonomy":"category","embeddable":true,"href":"https:\/\/www.messinaoggi.it\/website\/wp-json\/wp\/v2\/categories?post=119377"},{"taxonomy":"post_tag","embeddable":true,"href":"https:\/\/www.messinaoggi.it\/website\/wp-json\/wp\/v2\/tags?post=119377"}],"curies":[{"name":"wp","href":"https:\/\/api.w.org\/{rel}","templated":true}]}}