{"id":119325,"date":"2022-08-27T20:47:51","date_gmt":"2022-08-27T18:47:51","guid":{"rendered":"https:\/\/www.messinaoggi.it\/website\/2022\/08\/27\/regionali-calenda-apre-la-campagna-elettorale-di-armao-in-sicilia-serve-capacita-di-amministrare\/"},"modified":"2022-08-27T20:47:51","modified_gmt":"2022-08-27T18:47:51","slug":"regionali-calenda-apre-la-campagna-elettorale-di-armao-in-sicilia-serve-capacita-di-amministrare","status":"publish","type":"post","link":"https:\/\/www.messinaoggi.it\/website\/2022\/08\/27\/regionali-calenda-apre-la-campagna-elettorale-di-armao-in-sicilia-serve-capacita-di-amministrare\/","title":{"rendered":"Regionali, Calenda apre la campagna elettorale di Armao in Sicilia \u201cServe capacit\u00e0 di amministrare\u201d"},"content":{"rendered":"<div>\n<p>PALERMO (ITALPRESS) \u2013 Le competenze prima dei proclami, la questione energetica prima della campagna elettorale: Carlo Calenda sceglie la cornice dei giardini del teatro Massimo per lanciare la campagna elettorale di Gaetano Armao, candidato del terzo polo alla Regione Siciliana.<br \/>\nTroppo importanti, per il leader di Azione, le emergenze da affrontare nell\u2019ultimo mese del governo Draghi per concentrarsi interamente sulla campagna elettorale: cos\u00ec partono da un lato l\u2019invito a collaborare tutti per evitare \u201cla tempesta perfetta rappresentata da un prezzo dell\u2019energia fuori controllo e da un attacco al debito senza precedenti\u201d, dall\u2019altro le accuse a quelle figure (Conte, Salvini e Berlusconi) ritenute responsabili della caduta di Draghi e del voto anticipato. Calenda attacca anche le presunte ambiguit\u00e0 del centrosinistra: \u201cLetta prima dice no ai cinque stelle e poi va con Bonelli e Fratoianni, prima dice s\u00ec all\u2019agenda Draghi e poi si allea con chi lo ha sfiduciato\u201d.<br \/>\nIl leader di Azione, accompagnato da Armao, Teresa Bellanova e Davide Faraone, evidenzia poi come \u201coggi si voti principalmente per moda: ieri Di Maio, poi Salvini, oggi Meloni. Ma se non hai esperienza appena inizi a governare fallisci quasi subito. Siamo stanchi di una politica che per trent\u2019anni \u00e8 stata fatta solo di opposizione ideologica\u201d. E sempre riguardo alla mancanza di esperienza Calenda si sofferma sul linguaggio politico di Cateno De Luca: \u201cSe i siciliani vogliono votare lui perch\u00e9 urla pi\u00f9 forte in televisione sono fatti loro, ma chi vota di solito sceglie di affidarsi a persone che siano brave non a fare un video, bens\u00ec a gestire e amministrare. Armao possiede entrambe queste caratteristiche\u201d.<br \/>\nE proprio l\u2019ex assessore all\u2019Economia del governo Musumeci si sofferma sui colpi di scena delle ultime settimane: \u201cLo spettacolo cui abbiamo assistito \u00e8 stato indecoroso: si \u00e8 parlato solo di nomi e di cariche da spartire, mai di programmi da mettere in campo -, sottolinea, \u2013 Il nostro compito \u00e8 caricarci sulle spalle la responsabilit\u00e0 di questo cambiamento: fare innovazione \u00e8 possibile anche in un contesto di difficolt\u00e0 e arretratezza\u201d.<br \/>\nPer Bellanova due sono le priorit\u00e0 da trattare in campagna elettorale: sanit\u00e0 e riforme. \u201cBasta con promesse impossibili da mantenere, servono pi\u00f9 soldi da investire nella sanit\u00e0 pubblica e investimenti che facciano ripartire le imprese, soprattutto qui al Mezzogiorno -, spiega la viceministro delle Infrastrutture, \u2013 Fare riforme significa parlare di lavoro e non di assistenzialismo. Per un maggiore sviluppo servono gli investimenti e non provvedimenti inutili come il reddito di cittadinanza\u201d.<br \/>\nSu quest\u2019ultimo si sofferma anche Faraone, per il quale \u201cqui al sud non \u00e8 facile toglierlo come lo sarebbe al nord, bisogna piuttosto rimodularlo\u201d. Poi l\u2019attacco al suo vecchio partito: \u201cIl Pd ha detto no a tutte le nostre proposte pur di rimanere insieme ai 5 Stelle e alla fine si sono separati. Draghi era un fuoriclasse che compensava i limiti del nostro paese ed \u00e8 stato letteralmente umiliato dal Movimento\u201d. (ITALPRESS)<br \/>\n-foto xd8 \u2013 <div id=\"div-gpt-ad-Messinaoggi.it-DSK-300x250-corpoart\" style=\"text-align:center;margin:0 auto;\"><\/div><\/p>\n<\/div>\n<div id=\"videoincontent\" style=\"clear:both\";><\/div>","protected":false},"excerpt":{"rendered":"<p>PALERMO (ITALPRESS) \u2013 Le competenze prima dei proclami, la questione energetica prima della campagna elettorale: Carlo Calenda sceglie la cornice dei giardini del teatro Massimo per lanciare la campagna elettorale di Gaetano Armao, candidato del terzo polo alla Regione Siciliana. Troppo importanti, per il leader di Azione, le emergenze da affrontare nell\u2019ultimo mese del governo [&hellip;]<\/p>\n","protected":false},"author":18,"featured_media":119326,"comment_status":"closed","ping_status":"closed","sticky":false,"template":"","format":"standard","meta":{"ub_ctt_via":"","_mi_skip_tracking":false},"categories":[2449],"tags":[783],"featured_image_src":"https:\/\/www.messinaoggi.it\/website\/wp-content\/uploads\/2022\/08\/calenda3.jpg","author_info":{"display_name":"Admin","author_link":"https:\/\/www.messinaoggi.it\/website\/author\/admin\/"},"digistream_id":0,"digistream":false,"_links":{"self":[{"href":"https:\/\/www.messinaoggi.it\/website\/wp-json\/wp\/v2\/posts\/119325"}],"collection":[{"href":"https:\/\/www.messinaoggi.it\/website\/wp-json\/wp\/v2\/posts"}],"about":[{"href":"https:\/\/www.messinaoggi.it\/website\/wp-json\/wp\/v2\/types\/post"}],"author":[{"embeddable":true,"href":"https:\/\/www.messinaoggi.it\/website\/wp-json\/wp\/v2\/users\/18"}],"replies":[{"embeddable":true,"href":"https:\/\/www.messinaoggi.it\/website\/wp-json\/wp\/v2\/comments?post=119325"}],"version-history":[{"count":0,"href":"https:\/\/www.messinaoggi.it\/website\/wp-json\/wp\/v2\/posts\/119325\/revisions"}],"wp:featuredmedia":[{"embeddable":true,"href":"https:\/\/www.messinaoggi.it\/website\/wp-json\/wp\/v2\/media\/119326"}],"wp:attachment":[{"href":"https:\/\/www.messinaoggi.it\/website\/wp-json\/wp\/v2\/media?parent=119325"}],"wp:term":[{"taxonomy":"category","embeddable":true,"href":"https:\/\/www.messinaoggi.it\/website\/wp-json\/wp\/v2\/categories?post=119325"},{"taxonomy":"post_tag","embeddable":true,"href":"https:\/\/www.messinaoggi.it\/website\/wp-json\/wp\/v2\/tags?post=119325"}],"curies":[{"name":"wp","href":"https:\/\/api.w.org\/{rel}","templated":true}]}}