{"id":119318,"date":"2022-08-27T19:07:53","date_gmt":"2022-08-27T17:07:53","guid":{"rendered":"https:\/\/www.messinaoggi.it\/website\/2022\/08\/27\/verstappen-vola-in-qualifica-a-spa-ma-in-pole-va-sainz\/"},"modified":"2022-08-27T19:07:53","modified_gmt":"2022-08-27T17:07:53","slug":"verstappen-vola-in-qualifica-a-spa-ma-in-pole-va-sainz","status":"publish","type":"post","link":"https:\/\/www.messinaoggi.it\/website\/2022\/08\/27\/verstappen-vola-in-qualifica-a-spa-ma-in-pole-va-sainz\/","title":{"rendered":"Verstappen vola in qualifica a Spa ma in pole va Sainz"},"content":{"rendered":"<div>SPA-FRANCORCHAMPS (BELGIO) (ITALPRESS) &#8211; Max Verstappen ottiene il miglior tempo nell&#8217;ultima e decisiva manche delle qualifiche del Gran Premio del Belgio di Formula 1, ma scatter\u00e0 solamente quindicesimo per via della nota penalit\u00e0 legata alle nuove componenti sulla sua power unit. Dalla pole position partir\u00e0 cos\u00ec Carlos Sainz (Ferrari), davanti a tutti grazie al secondo tempo assoluto (a 0&#8243;632 dall&#8217;1&#8217;43&#8243;665 di Verstappen). Ad affiancarlo in prima fila c&#8217;\u00e8 anche Sergio Perez con la Red Bull, mentre Charles Leclerc &#8211; anche lui penalizzato &#8211; fa segnare il quarto crono in Q3 e partir\u00e0 accanto a Verstappen, in ottava fila. Alle spalle di Sainz e Perez, invece, si ritroveranno fianco a fianco Fernando Alonso (Alpine) e Lewis Hamilton (Mercedes). &#8220;E&#8217; stato un buon giro, sono felice della pole, un p\u00f2 meno se vedo il distacco che ha la Red Bull su di noi &#8211; confessa Sainz &#8211; Dobbiamo continuare ad analizzare per capire perch\u00e8 siamo cos\u00ec dietro rispetto a loro. Cercheremo in ogni caso di vincere. Rimango comunque un p\u00f2 sconcertato nel vedere un gap cos\u00ec grande con Verstappen&#8221;. Perez sogna lo scherzetto in partenza (&#8220;Il secondo posto non \u00e8 cos\u00ec male su questo circuito, se riuscir\u00f2 a partire bene magari potr\u00f2 superare Sainz e invertire le posizioni&#8221;), Verstappen la rimonta: &#8220;E&#8217; stata una qualifica fantastica, ma \u00e8 tutto il weekend che siamo sul pezzo. La macchina sta funzionando molto bene e stiamo riuscendo a ottimizzarla. Dobbiamo rimontare, sarebbe un peccato non raggiungere il podio con una macchina cos\u00ec&#8221;. Leclerc, dal canto suo, ammette che &#8220;il distacco tra Verstappen e noi \u00e8 molto grande. E credo sia strano, hanno trovato qualcosa che sta permettendo loro di essere pi\u00f9 veloci. Cercheremo di limitare il gap ma sar\u00e0 difficile&#8221;.<br \/>&#8211; foto LivePhotoSport &#8211; <br \/>(ITALPRESS).<\/div>\n<div id=\"div-gpt-ad-Messinaoggi.it-DSK-300x250-corpoart\" style=\"text-align:center;margin:0 auto;\"><\/div><\/p><div id=\"videoincontent\" style=\"clear:both\";><\/div>","protected":false},"excerpt":{"rendered":"<p>SPA-FRANCORCHAMPS (BELGIO) (ITALPRESS) &#8211; Max Verstappen ottiene il miglior tempo nell&#8217;ultima e decisiva manche delle qualifiche del Gran Premio del Belgio di Formula 1, ma scatter\u00e0 solamente quindicesimo per via della nota penalit\u00e0 legata alle nuove componenti sulla sua power unit. Dalla pole position partir\u00e0 cos\u00ec Carlos Sainz (Ferrari), davanti a tutti grazie al secondo [&hellip;]<\/p>\n","protected":false},"author":18,"featured_media":119319,"comment_status":"closed","ping_status":"closed","sticky":false,"template":"","format":"standard","meta":{"ub_ctt_via":"","_mi_skip_tracking":false},"categories":[446],"tags":[783],"featured_image_src":"https:\/\/www.messinaoggi.it\/website\/wp-content\/uploads\/2022\/08\/20220827_1456.jpg","author_info":{"display_name":"Admin","author_link":"https:\/\/www.messinaoggi.it\/website\/author\/admin\/"},"digistream_id":0,"digistream":false,"_links":{"self":[{"href":"https:\/\/www.messinaoggi.it\/website\/wp-json\/wp\/v2\/posts\/119318"}],"collection":[{"href":"https:\/\/www.messinaoggi.it\/website\/wp-json\/wp\/v2\/posts"}],"about":[{"href":"https:\/\/www.messinaoggi.it\/website\/wp-json\/wp\/v2\/types\/post"}],"author":[{"embeddable":true,"href":"https:\/\/www.messinaoggi.it\/website\/wp-json\/wp\/v2\/users\/18"}],"replies":[{"embeddable":true,"href":"https:\/\/www.messinaoggi.it\/website\/wp-json\/wp\/v2\/comments?post=119318"}],"version-history":[{"count":0,"href":"https:\/\/www.messinaoggi.it\/website\/wp-json\/wp\/v2\/posts\/119318\/revisions"}],"wp:featuredmedia":[{"embeddable":true,"href":"https:\/\/www.messinaoggi.it\/website\/wp-json\/wp\/v2\/media\/119319"}],"wp:attachment":[{"href":"https:\/\/www.messinaoggi.it\/website\/wp-json\/wp\/v2\/media?parent=119318"}],"wp:term":[{"taxonomy":"category","embeddable":true,"href":"https:\/\/www.messinaoggi.it\/website\/wp-json\/wp\/v2\/categories?post=119318"},{"taxonomy":"post_tag","embeddable":true,"href":"https:\/\/www.messinaoggi.it\/website\/wp-json\/wp\/v2\/tags?post=119318"}],"curies":[{"name":"wp","href":"https:\/\/api.w.org\/{rel}","templated":true}]}}