{"id":11929,"date":"2017-11-25T11:30:26","date_gmt":"2017-11-25T10:30:26","guid":{"rendered":"http:\/\/www.messinaoggi.it\/website\/?p=11929"},"modified":"2017-11-25T11:30:26","modified_gmt":"2017-11-25T10:30:26","slug":"femminicidio-sensibilizzare-lopinione-pubblica-e-il-primo-passo-da-compiere","status":"publish","type":"post","link":"https:\/\/www.messinaoggi.it\/website\/2017\/11\/25\/femminicidio-sensibilizzare-lopinione-pubblica-e-il-primo-passo-da-compiere\/","title":{"rendered":"Femminicidio: sensibilizzare l&#039;opinione pubblica \u00e8 il primo passo da compiere"},"content":{"rendered":"<p style=\"text-align: justify;\">Gli omicidi di donne nei primi nove mesi del 2017, pari a 84, sono in netto calo rispetto ai 109 nello stesso periodo del 2016. Questi dati devono farci riflettere non solo oggi che \u00e8 la giornata dedicata alla violenza sulle donne ma sempre. Tali reati indicano un rapporto uomo-donna malato che pu\u00f2 degenerare pericolosamente.<div id=\"div-gpt-ad-Messinaoggi.it-DSK-300x250-corpoart\" style=\"text-align:center;margin:0 auto;\"><\/div><\/p>\n<p style=\"text-align: justify;\">Le iniziative a Messina (come nel resto d&#8217;Italia) sono innumerevoli, mirate a sensibilizzare l&#8217;opinione pubblica su una tematica fondamentale. Palazzo Zanca ha esposto le bandiere a mezz&#8217;asta in memoria delle vittime di femminicidio.<div id=\"videoincontent\" style=\"clear:both\";><\/div><\/p>\n<p><b>Forze dell&#8217;ordine in campo per sensibilizzare.\u00a0<\/b>Piazza Cairoli si popola di iniziative e progetti dedicati al femminicidio, saranno presenti la polizia con il progetto &#8220;Camper&#8221; ed i carabinieri del Comando interregionale &#8220;Culqualber&#8221; che in un&#8217;ottica di prevenzione, stanno illustrando alla cittadinanza gli strumenti a loro disposizione per dare un aiuto concreto alla vittime. L&#8217;attivit\u00e0 informativa ha lo scopo di avvicinare tali istituzioni alla gente e tutelare le donne in pericolo che spesso per paura non trovano il coraggio di denunciare.<br \/>\n<strong>Ma \u00e8 scontro sull&#8217;intitolazione di una piazza<\/strong>. Associazioni e movimenti si mobilitano in occasione della giornata internazionale contro la violenze sulle donne. &#8220;Cambiamo Messina dal basso&#8221; ha riproposto l&#8217;intitolazione di una piazza, una via o un giardino alle vittime di femminicidio.<\/p>\n<p style=\"text-align: justify;\">Il diniego da parte della Commissione toponomastica ha suscitato non poche perplessit\u00e0 all&#8217;interno del movimento. Si \u00e8 ben consapevoli sul fatto che una piazza intitolata alle vittime di femminicidio non possa far estinguere un fenomeno cos\u00ec diffuso e radicato ma pu\u00f2 certamente far riflettere e innescare un meccanismo collettivo che riconosca la gravit\u00e0 del fenomeno e lo stigmatizzi.<\/p>\n<p><strong>Cgil: &#8220;Sconfiggere la violenza sulle donne sia priorit\u00e0 del Governo&#8221;.\u00a0<\/strong>&#8220;L&#8217;obiettivo &#8211; spiega Clara Croc\u00e8 <span id=\"msgText_view_message1511604511812\" dir=\"ltr\">Segretaria Confederale<\/span> &#8211; <span id=\"msgText_view_message1511604511812\" dir=\"ltr\">\u00e8 esercitare una pressione sufficiente sul parlamento, affinch\u00e9 la sconfitta della violenza contro le donne diventi una priorit\u00e0 per il Governo italiano&#8221;. L&#8217;iniziativa ha gi\u00e0 raccolto 15mila firme e continua a raccoglierne. L&#8217;impegno dev&#8217;essere costante e non deve concludersi il 25 novembre. <\/span><br \/>\n <\/p>\n<p style=\"text-align: right;\"><strong>Erika Oppedisano<\/strong><\/p>\n","protected":false},"excerpt":{"rendered":"<p>Gli omicidi di donne nei primi nove mesi del 2017, pari a 84, sono in netto calo rispetto ai 109 nello stesso periodo del 2016. Questi dati devono farci riflettere non solo oggi che \u00e8 la giornata dedicata alla violenza sulle donne ma sempre. Tali reati indicano un rapporto uomo-donna malato che pu\u00f2 degenerare pericolosamente. [&hellip;]<\/p>\n","protected":false},"author":8,"featured_media":11991,"comment_status":"closed","ping_status":"open","sticky":false,"template":"","format":"standard","meta":{"ub_ctt_via":"","_mi_skip_tracking":false},"categories":[6],"tags":[],"featured_image_src":"https:\/\/www.messinaoggi.it\/website\/wp-content\/uploads\/2017\/11\/camper-polizia-a-piazza-cairoli.jpg","author_info":{"display_name":"red..me","author_link":"https:\/\/www.messinaoggi.it\/website\/author\/redstage\/"},"digistream_id":0,"digistream":false,"_links":{"self":[{"href":"https:\/\/www.messinaoggi.it\/website\/wp-json\/wp\/v2\/posts\/11929"}],"collection":[{"href":"https:\/\/www.messinaoggi.it\/website\/wp-json\/wp\/v2\/posts"}],"about":[{"href":"https:\/\/www.messinaoggi.it\/website\/wp-json\/wp\/v2\/types\/post"}],"author":[{"embeddable":true,"href":"https:\/\/www.messinaoggi.it\/website\/wp-json\/wp\/v2\/users\/8"}],"replies":[{"embeddable":true,"href":"https:\/\/www.messinaoggi.it\/website\/wp-json\/wp\/v2\/comments?post=11929"}],"version-history":[{"count":0,"href":"https:\/\/www.messinaoggi.it\/website\/wp-json\/wp\/v2\/posts\/11929\/revisions"}],"wp:featuredmedia":[{"embeddable":true,"href":"https:\/\/www.messinaoggi.it\/website\/wp-json\/wp\/v2\/media\/11991"}],"wp:attachment":[{"href":"https:\/\/www.messinaoggi.it\/website\/wp-json\/wp\/v2\/media?parent=11929"}],"wp:term":[{"taxonomy":"category","embeddable":true,"href":"https:\/\/www.messinaoggi.it\/website\/wp-json\/wp\/v2\/categories?post=11929"},{"taxonomy":"post_tag","embeddable":true,"href":"https:\/\/www.messinaoggi.it\/website\/wp-json\/wp\/v2\/tags?post=11929"}],"curies":[{"name":"wp","href":"https:\/\/api.w.org\/{rel}","templated":true}]}}