{"id":119236,"date":"2022-08-26T16:17:51","date_gmt":"2022-08-26T14:17:51","guid":{"rendered":"https:\/\/www.messinaoggi.it\/website\/2022\/08\/26\/cordaro-non-mi-ricandido-alle-regionali-in-sicilia-saremo-al-fianco-di-schifani\/"},"modified":"2022-08-26T16:17:51","modified_gmt":"2022-08-26T14:17:51","slug":"cordaro-non-mi-ricandido-alle-regionali-in-sicilia-saremo-al-fianco-di-schifani","status":"publish","type":"post","link":"https:\/\/www.messinaoggi.it\/website\/2022\/08\/26\/cordaro-non-mi-ricandido-alle-regionali-in-sicilia-saremo-al-fianco-di-schifani\/","title":{"rendered":"Cordaro \u201cNon mi ricandido alle Regionali in Sicilia, saremo al fianco di Schifani\u201d"},"content":{"rendered":"<div>\n<p>PALERMO (ITALPRESS) \u2013 \u201cCi sono dei momenti nella vita in cui un uomo deve preservare il patrimonio di credibilit\u00e0 guadagnato con il proprio duro lavoro e la propria coerenza. In questi 15 anni ho messo me stesso al servizio della Regione Siciliana con impegno e rettitudine, senza perdere mai di vista la strada maestra dell\u2019agire nella legalit\u00e0 e per il bene comune. Sono sempre stato un uomo di centro. Ed \u00e8 per questo che avevo scelto di tornare nell\u2019UDC. Un ritorno a casa. Ma l\u2019UDC si \u00e8 rivelato un contenitore vuoto sia di uomini, che di principi. Per questa ragione, non mi ricandider\u00f2 alle Elezioni Regionali del 25 Settembre\u201d. Cos\u00ec Toto Cordaro, assessore regionale al Territorio e Ambiente in Sicilia, che aggiunge: \u201cInsieme ai tanti amministratori, militanti e amici, che ringrazio per la vicinanza e il sostegno instancabile, da domani inizia un nuovo percorso politico. Continuer\u00e0 incessante il mio impegno per i Siciliani. Per ci\u00f2 abbiamo scelto di sostenere con determinazione e concretezza il Presidente Renato Schifani: la mia comunit\u00e0 politica sar\u00e0 al suo fianco in questa competizione elettorale. Inizia una nuova grande avventura\u201d.<br \/>credit photo agenziafotogramma.it<br \/>(ITALPRESS).<div id=\"div-gpt-ad-Messinaoggi.it-DSK-300x250-corpoart\" style=\"text-align:center;margin:0 auto;\"><\/div><\/p>\n<\/div>\n<div id=\"videoincontent\" style=\"clear:both\";><\/div>","protected":false},"excerpt":{"rendered":"<p>PALERMO (ITALPRESS) \u2013 \u201cCi sono dei momenti nella vita in cui un uomo deve preservare il patrimonio di credibilit\u00e0 guadagnato con il proprio duro lavoro e la propria coerenza. In questi 15 anni ho messo me stesso al servizio della Regione Siciliana con impegno e rettitudine, senza perdere mai di vista la strada maestra dell\u2019agire [&hellip;]<\/p>\n","protected":false},"author":18,"featured_media":119237,"comment_status":"closed","ping_status":"closed","sticky":false,"template":"","format":"standard","meta":{"ub_ctt_via":"","_mi_skip_tracking":false},"categories":[2449],"tags":[783],"featured_image_src":"https:\/\/www.messinaoggi.it\/website\/wp-content\/uploads\/2022\/08\/20220826_1268.jpg","author_info":{"display_name":"Admin","author_link":"https:\/\/www.messinaoggi.it\/website\/author\/admin\/"},"digistream_id":0,"digistream":false,"_links":{"self":[{"href":"https:\/\/www.messinaoggi.it\/website\/wp-json\/wp\/v2\/posts\/119236"}],"collection":[{"href":"https:\/\/www.messinaoggi.it\/website\/wp-json\/wp\/v2\/posts"}],"about":[{"href":"https:\/\/www.messinaoggi.it\/website\/wp-json\/wp\/v2\/types\/post"}],"author":[{"embeddable":true,"href":"https:\/\/www.messinaoggi.it\/website\/wp-json\/wp\/v2\/users\/18"}],"replies":[{"embeddable":true,"href":"https:\/\/www.messinaoggi.it\/website\/wp-json\/wp\/v2\/comments?post=119236"}],"version-history":[{"count":0,"href":"https:\/\/www.messinaoggi.it\/website\/wp-json\/wp\/v2\/posts\/119236\/revisions"}],"wp:featuredmedia":[{"embeddable":true,"href":"https:\/\/www.messinaoggi.it\/website\/wp-json\/wp\/v2\/media\/119237"}],"wp:attachment":[{"href":"https:\/\/www.messinaoggi.it\/website\/wp-json\/wp\/v2\/media?parent=119236"}],"wp:term":[{"taxonomy":"category","embeddable":true,"href":"https:\/\/www.messinaoggi.it\/website\/wp-json\/wp\/v2\/categories?post=119236"},{"taxonomy":"post_tag","embeddable":true,"href":"https:\/\/www.messinaoggi.it\/website\/wp-json\/wp\/v2\/tags?post=119236"}],"curies":[{"name":"wp","href":"https:\/\/api.w.org\/{rel}","templated":true}]}}